{"id":14508,"date":"2025-07-05T20:04:10","date_gmt":"2025-07-06T00:04:10","guid":{"rendered":"https:\/\/churchmyway.org\/los-amish-negros-una-comunidad-unica-y-diversa\/"},"modified":"2025-12-21T16:51:01","modified_gmt":"2025-12-21T16:51:01","slug":"los-amish-negros-una-comunidad-unica-y-diversa","status":"publish","type":"post","link":"https:\/\/churchmyway.org\/es\/los-amish-negros-una-comunidad-unica-y-diversa\/","title":{"rendered":"Los Amish Negros: Una Comunidad \u00danica y Diversa"},"content":{"rendered":"<h2>Los Amish Negros: Una Comunidad \u00danica y Diversa<\/h2>\n<p>La comunidad Amish, conocida por su estilo de vida sencillo y sus pr\u00e1cticas culturales distintivas, a menudo es percibida como un grupo homog\u00e9neo. Sin embargo, la existencia de individuos y comunidades Amish Negros desaf\u00eda esta percepci\u00f3n y resalta la diversidad dentro de la fe Amish. Este art\u00edculo explora la historia, la integraci\u00f3n cultural y las experiencias \u00fanicas de las personas Amish Negras en Am\u00e9rica.<\/p>\n<h2>Antecedentes Hist\u00f3ricos<\/h2>\n<p><a title=\"Amish vs Mennonite: What\u2019s the Difference?\" href=\"https:\/\/churchmyway.org\/amish-vs-mennonite-whats-the-difference\/\" target=\"_blank\" rel=\"noopener\">Los Amish<\/a> se originaron en Suiza y el sur de Alemania a finales del siglo XVII, consistiendo principalmente en descendientes suizo-alemanes, lo que llev\u00f3 a una comunidad predominantemente blanca. Sin embargo, la primera persona Amish afroamericana conocida, Moses Shirley, naci\u00f3 en la esclavitud en Virginia en 1791. A pesar de la homogeneidad racial, la comunidad Amish est\u00e1 abierta a cualquiera que desee adoptar su forma de <a title=\"Do you go to hell if you kill yourself?\" href=\"https:\/\/churchmyway.org\/do-you-to-hell-if-you-kill-yourself\/\" target=\"_blank\" rel=\"noopener\">vida<\/a> y creencias religiosas, independientemente de su origen racial o \u00e9tnico.<\/p>\n<p><img loading=\"lazy\" decoding=\"async\" class=\"alignnone size-full wp-image-7672\" src=\"https:\/\/churchmyway.org\/wp-content\/uploads\/2022\/07\/What-are-the-Black-Amish-Communities.jpg\" alt=\"\u00bfQu\u00e9 son las Comunidades Amish Negras?\" width=\"546\" height=\"305\" title=\"\" srcset=\"https:\/\/churchmyway.org\/wp-content\/uploads\/2022\/07\/What-are-the-Black-Amish-Communities.jpg 546w, https:\/\/churchmyway.org\/wp-content\/uploads\/2022\/07\/What-are-the-Black-Amish-Communities-300x168.jpg 300w\" sizes=\"auto, (max-width: 546px) 100vw, 546px\" \/><\/p>\n<h2>Formaci\u00f3n de Comunidades Amish Negras<\/h2>\n<p><a title=\"Comunidades Amish Negras: Un Viaje a Trav\u00e9s de la Historia, la Cultura y la Resiliencia\" href=\"https:\/\/churchmyway.org\/black-amish-communities-a-journey-through-history\/\" target=\"_blank\" rel=\"noopener\">Comunidades Amish Negras<\/a> han existido desde que los Amish llegaron por primera vez a Norteam\u00e9rica. Estas comunidades se encuentran en bastiones Amish tradicionales como Pensilvania y Ohio, as\u00ed como en lugares m\u00e1s inesperados como el Sur Profundo o el Noroeste del Pac\u00edfico. El matrimonio interracial ha sido un factor cr\u00edtico en el desarrollo de estas comunidades. A pesar de sus elementos culturales distintivos, las comunidades de <a title=\"Amish Negros: Un Viaje a Trav\u00e9s de una Cultura Rara y Cautivadora\" href=\"https:\/\/churchmyway.org\/black-amish-a-journey-through-culture\/\" target=\"_blank\" rel=\"noopener\">Amish Negros<\/a> permanecen firmemente arraigadas en los valores y costumbres Amish.<\/p>\n<h2>Integraci\u00f3n Cultural y Pr\u00e1cticas<\/h2>\n<p>Los individuos Amish afroamericanos no solo cantan himnos tradicionales, sino que tambi\u00e9n tienen su propio estilo de m\u00fasica g\u00f3spel. Asisten a la escuela hasta el octavo grado y participan en otras formas de educaci\u00f3n dentro de la comunidad. Si bien incorporan aspectos de las tradiciones afroamericanas en su forma de vida, su cultura permanece profundamente entrelazada con las pr\u00e1cticas Amish m\u00e1s amplias.<\/p>\n<p><img loading=\"lazy\" decoding=\"async\" class=\"alignnone size-full wp-image-7698\" src=\"https:\/\/churchmyway.org\/wp-content\/uploads\/2024\/07\/Black-Amish2.jpg\" alt=\"Amish Negros\" width=\"500\" height=\"375\" title=\"\" srcset=\"https:\/\/churchmyway.org\/wp-content\/uploads\/2024\/07\/Black-Amish2.jpg 500w, https:\/\/churchmyway.org\/wp-content\/uploads\/2024\/07\/Black-Amish2-300x225.jpg 300w\" sizes=\"auto, (max-width: 500px) 100vw, 500px\" \/><\/p>\n<h3>Desaf\u00edos y Estereotipos<\/h3>\n<p>A pesar de la naturaleza acogedora de la comunidad Amish, los individuos Amish Negros a\u00fan pueden enfrentar estereotipos raciales, incluso dentro de esta comunidad de creyentes. El mito de que todos los Amish son blancos es solo eso: un mito. Las historias y experiencias de las personas Amish afroamericanas son \u00fanicas e iluminadoras, arrojando luz sobre la diversidad m\u00e1s amplia dentro de la fe Amish.<\/p>\n<h3>Los Amish Negros en la Actualidad<\/h3>\n<p>Hoy en d\u00eda, varios cientos de individuos negros viven en comunidades Amish en todo el pa\u00eds, principalmente en Ohio, Indiana y Pensilvania. Estas comunidades contin\u00faan prosperando y contribuyendo al rico tapiz de la vida Amish en Am\u00e9rica. La comunidad Amish valora la igualdad y la compasi\u00f3n, promoviendo ense\u00f1anzas arraigadas en las escrituras cristianas que trascienden la raza.<\/p>\n<p><img loading=\"lazy\" decoding=\"async\" class=\"alignnone size-full wp-image-7699\" src=\"https:\/\/churchmyway.org\/wp-content\/uploads\/2024\/07\/Black-Amish3.jpg\" alt=\"Amish Negros\" width=\"500\" height=\"296\" title=\"\" srcset=\"https:\/\/churchmyway.org\/wp-content\/uploads\/2024\/07\/Black-Amish3.jpg 500w, https:\/\/churchmyway.org\/wp-content\/uploads\/2024\/07\/Black-Amish3-300x178.jpg 300w\" sizes=\"auto, (max-width: 500px) 100vw, 500px\" \/><\/p>\n<h3>Conclusi\u00f3n<\/h3>\n<p>La existencia de comunidades <a title=\"Amish Negros: Un Viaje a Trav\u00e9s de una Cultura Rara y Cautivadora\" href=\"https:\/\/churchmyway.org\/black-amish-a-journey-through-culture\/\" target=\"_blank\" rel=\"noopener\">Amish Negras<\/a> resalta la diversidad dentro de la fe Amish y desaf\u00eda los estereotipos comunes. Estas comunidades, si bien incorporan elementos culturales \u00fanicos, permanecen profundamente arraigadas en los valores y costumbres Amish. Las historias de los individuos Amish Negros son un testimonio de la inclusividad y adaptabilidad del estilo de vida Amish, enriqueciendo la narrativa m\u00e1s amplia de esta distintiva comunidad \u00e9tnica estadounidense.<\/p>\n<p>Al comprender y reconocer la diversidad dentro de la comunidad Amish, podemos apreciar el rico <a title=\"Amish Negros: Un Viaje a Trav\u00e9s de una Cultura Rara y Cautivadora\" href=\"https:\/\/churchmyway.org\/black-amish-a-journey-through-culture\/\" target=\"_blank\" rel=\"noopener\">tapiz cultural que define a los Amish<\/a>. Los Amish Negros son una parte integral de este tapiz, contribuyendo a la historia continua de fe, resiliencia e integraci\u00f3n cultural.<\/p>\n<h4>Fuentes:<\/h4>\n<p>thecharlottegazette.com<br \/>\namishbaskets.com<br \/>\n<!-- Internal Links - Auto Generated --><\/p>\n<div class=\"related-posts\">\n<h3>Art\u00edculos Relacionados<\/h3>\n<ul>\n<li><a href=\"https:\/\/churchmyway.org\/la-historia-no-contada-de-los-amish-negros-explorando-su-historia-cultura-y-creencias\/\">La historia no contada de los amish negros: Explorando su historia, cultura y creencias.<\/a><\/li>\n<\/ul>\n<\/div>\n<p><!-- End Internal Links --><\/p>\n<p><!-- Last Updated Notice --><\/p>\n<p style=\"margin-top: 30px; padding: 12px 16px; background: #f0f7ff; border-left: 3px solid #2196F3; border-radius: 4px; font-size: 14px; color: #555;\">\n<em>\ud83d\udcc5 Last updated: 20.12.2025<\/em>\n<\/p>\n<p><!-- FAQ Section --><\/p>\n<div class=\"faq-section\" style=\"margin-top: 40px; padding: 25px; background: linear-gradient(135deg, #f5f7fa 0%, #e4e8ec 100%); border-radius: 12px; border-left: 4px solid #2196F3;\">\n<h2 style=\"color: #1976D2; margin-bottom: 20px; font-size: 24px;\">\u2753 Frequently Asked Questions<\/h2>\n<div class=\"faq-item\" style=\"margin-bottom: 20px; padding: 18px; background: white; border-radius: 8px; box-shadow: 0 2px 8px rgba(0,0,0,0.08);\">\n<h3 style=\"color: #333; margin-bottom: 12px; font-size: 18px; font-weight: 600;\">\ud83d\udcac \u00bfExisten Amish negros?<\/h3>\n<p style=\"color: #555; line-height: 1.7; margin: 0; font-size: 16px;\">S\u00ed, existen individuos y comunidades Amish Negros que desaf\u00edan la percepci\u00f3n de que los Amish son un grupo homog\u00e9neo. Estas comunidades se han formado hist\u00f3ricamente a trav\u00e9s del matrimonio interracial y la aceptaci\u00f3n de cualquier persona que adopte su estilo de vida y creencias.<\/p>\n<\/div>\n<div class=\"faq-item\" style=\"margin-bottom: 20px; padding: 18px; background: white; border-radius: 8px; box-shadow: 0 2px 8px rgba(0,0,0,0.08);\">\n<h3 style=\"color: #333; margin-bottom: 12px; font-size: 18px; font-weight: 600;\">\ud83d\udcac \u00bfQui\u00e9n fue el primer Amish afroamericano?<\/h3>\n<p style=\"color: #555; line-height: 1.7; margin: 0; font-size: 16px;\">La primera persona Amish afroamericana conocida fue Moses Shirley, quien naci\u00f3 en la esclavitud en Virginia en 1791. Su historia resalta que, a pesar de los or\u00edgenes predominantemente suizo-alemanes de los Amish, la comunidad siempre ha estado abierta a personas de cualquier origen racial.<\/p>\n<\/div>\n<div class=\"faq-item\" style=\"margin-bottom: 20px; padding: 18px; background: white; border-radius: 8px; box-shadow: 0 2px 8px rgba(0,0,0,0.08);\">\n<h3 style=\"color: #333; margin-bottom: 12px; font-size: 18px; font-weight: 600;\">\ud83d\udcac \u00bfD\u00f3nde viven las comunidades de Amish Negros?<\/h3>\n<p style=\"color: #555; line-height: 1.7; margin: 0; font-size: 16px;\">Las comunidades de Amish Negros se encuentran en bastiones tradicionales Amish como Pensilvania y Ohio, as\u00ed como en regiones menos t\u00edpicas como el Sur Profundo y el Noroeste del Pac\u00edfico. Su presencia en estas \u00e1reas muestra la diversidad geogr\u00e1fica dentro de la fe Amish.<\/p>\n<\/div>\n<div class=\"faq-item\" style=\"margin-bottom: 20px; padding: 18px; background: white; border-radius: 8px; box-shadow: 0 2px 8px rgba(0,0,0,0.08);\">\n<h3 style=\"color: #333; margin-bottom: 12px; font-size: 18px; font-weight: 600;\">\ud83d\udcac \u00bfC\u00f3mo se integran los Amish Negros en la comunidad Amish?<\/h3>\n<p style=\"color: #555; line-height: 1.7; margin: 0; font-size: 16px;\">Los Amish Negros se integran plenamente al adoptar el estilo de vida sencillo y las creencias religiosas Amish. A pesar de aportar elementos culturales distintivos, estas comunidades permanecen firmemente arraigadas en las pr\u00e1cticas y valores Amish tradicionales.<\/p>\n<\/div>\n<\/div>\n<p><!-- End FAQ Section --><\/p>\n<p><!-- FAQ Schema for SEO --><br \/>\n<script type=\"application\/ld+json\">\n{\n  \"@context\": \"https:\/\/schema.org\",\n  \"@type\": \"FAQPage\",\n  \"mainEntity\": [\n    {\n      \"@type\": \"Question\",\n      \"name\": \"\u00bfExisten Amish negros?\",\n      \"acceptedAnswer\": {\n        \"@type\": \"Answer\",\n        \"text\": \"S\u00ed, existen individuos y comunidades Amish Negros que desaf\u00edan la percepci\u00f3n de que los Amish son un grupo homog\u00e9neo. Estas comunidades se han formado hist\u00f3ricamente a trav\u00e9s del matrimonio interracial y la aceptaci\u00f3n de cualquier persona que adopte su estilo de vida y creencias.\"\n      }\n    },\n    {\n      \"@type\": \"Question\",\n      \"name\": \"\u00bfQui\u00e9n fue el primer Amish afroamericano?\",\n      \"acceptedAnswer\": {\n        \"@type\": \"Answer\",\n        \"text\": \"La primera persona Amish afroamericana conocida fue Moses Shirley, quien naci\u00f3 en la esclavitud en Virginia en 1791. Su historia resalta que, a pesar de los or\u00edgenes predominantemente suizo-alemanes de los Amish, la comunidad siempre ha estado abierta a personas de cualquier origen racial.\"\n      }\n    },\n    {\n      \"@type\": \"Question\",\n      \"name\": \"\u00bfD\u00f3nde viven las comunidades de Amish Negros?\",\n      \"acceptedAnswer\": {\n        \"@type\": \"Answer\",\n        \"text\": \"Las comunidades de Amish Negros se encuentran en bastiones tradicionales Amish como Pensilvania y Ohio, as\u00ed como en regiones menos t\u00edpicas como el Sur Profundo y el Noroeste del Pac\u00edfico. Su presencia en estas \u00e1reas muestra la diversidad geogr\u00e1fica dentro de la fe Amish.\"\n      }\n    },\n    {\n      \"@type\": \"Question\",\n      \"name\": \"\u00bfC\u00f3mo se integran los Amish Negros en la comunidad Amish?\",\n      \"acceptedAnswer\": {\n        \"@type\": \"Answer\",\n        \"text\": \"Los Amish Negros se integran plenamente al adoptar el estilo de vida sencillo y las creencias religiosas Amish. A pesar de aportar elementos culturales distintivos, estas comunidades permanecen firmemente arraigadas en las pr\u00e1cticas y valores Amish tradicionales.\"\n      }\n    }\n  ]\n}\n<\/script><\/p>\n<p><!-- Related Articles --><\/p>\n<div class=\"related-articles\" style=\"margin-top: 40px; padding: 25px; background: linear-gradient(135deg, #e8f5e9 0%, #c8e6c9 100%); border-radius: 12px; border-left: 4px solid #4CAF50;\">\n<h2 style=\"color: #2E7D32; margin-bottom: 20px; font-size: 24px;\">\ud83d\udcda Related Articles You Might Enjoy<\/h2>\n<ul style=\"list-style: none; padding: 0; margin: 0;\">\n<li style=\"margin-bottom: 12px; padding: 12px 15px; background: white; border-radius: 8px; box-shadow: 0 2px 4px rgba(0,0,0,0.05);\">\n<a href=\"https:\/\/churchmyway.org\/celebran-los-amish-la-navidad\/\" style=\"color: #1976D2; text-decoration: none; font-weight: 500; font-size: 16px;\">\u279c \u00bfCelebran los Amish la Navidad?<\/a>\n<\/li>\n<li style=\"margin-bottom: 12px; padding: 12px 15px; background: white; border-radius: 8px; box-shadow: 0 2px 4px rgba(0,0,0,0.05);\">\n<a href=\"https:\/\/churchmyway.org\/comprendiendo-a-los-amish-y-sus-contrapartes-religiosas\/\" style=\"color: #1976D2; text-decoration: none; font-weight: 500; font-size: 16px;\">\u279c Comprendiendo a los Amish y sus Contrapartes Religiosas<\/a>\n<\/li>\n<li style=\"margin-bottom: 12px; padding: 12px 15px; background: white; border-radius: 8px; box-shadow: 0 2px 4px rgba(0,0,0,0.05);\">\n<a href=\"https:\/\/churchmyway.org\/origenes-cristianismo-breve-historia-cristianismo-relacion\/\" style=\"color: #1976D2; text-decoration: none; font-weight: 500; font-size: 16px;\">\u279c Los Or\u00edgenes del Cristianismo: Una Breve Historia del Cristianismo y su Relaci\u00f3n con el Juda\u00edsmo<\/a>\n<\/li>\n<li style=\"margin-bottom: 12px; padding: 12px 15px; background: white; border-radius: 8px; box-shadow: 0 2px 4px rgba(0,0,0,0.05);\">\n<a href=\"https:\/\/churchmyway.org\/vaticano-entero-peligros-oferta-londres-afirma\/\" style=\"color: #1976D2; text-decoration: none; font-weight: 500; font-size: 16px;\">\u279c El Vaticano se enter\u00f3 de los peligros de la oferta de Londres, afirma el inversor que la gestion\u00f3<\/a>\n<\/li>\n<\/ul>\n<\/div>\n<p><!-- End Related Articles --><\/p>\n","protected":false},"excerpt":{"rendered":"<p>Los Amish Negros: Una Comunidad \u00danica y Diversa La comunidad Amish, conocida por su estilo de vida sencillo y sus pr\u00e1cticas culturales distintivas, a menudo es percibida como un grupo<\/p>\n","protected":false},"author":1,"featured_media":7697,"comment_status":"open","ping_status":"open","sticky":false,"template":"","format":"standard","meta":{"footnotes":""},"categories":[2218],"tags":[1582],"class_list":["post-14508","post","type-post","status-publish","format-standard","has-post-thumbnail","hentry","category-arte-y-cultura","tag-black-amish","generate-columns","tablet-grid-50","mobile-grid-100","grid-parent","grid-50","no-featured-image-padding"],"_links":{"self":[{"href":"https:\/\/churchmyway.org\/es\/wp-json\/wp\/v2\/posts\/14508","targetHints":{"allow":["GET"]}}],"collection":[{"href":"https:\/\/churchmyway.org\/es\/wp-json\/wp\/v2\/posts"}],"about":[{"href":"https:\/\/churchmyway.org\/es\/wp-json\/wp\/v2\/types\/post"}],"author":[{"embeddable":true,"href":"https:\/\/churchmyway.org\/es\/wp-json\/wp\/v2\/users\/1"}],"replies":[{"embeddable":true,"href":"https:\/\/churchmyway.org\/es\/wp-json\/wp\/v2\/comments?post=14508"}],"version-history":[{"count":1,"href":"https:\/\/churchmyway.org\/es\/wp-json\/wp\/v2\/posts\/14508\/revisions"}],"predecessor-version":[{"id":14509,"href":"https:\/\/churchmyway.org\/es\/wp-json\/wp\/v2\/posts\/14508\/revisions\/14509"}],"wp:featuredmedia":[{"embeddable":true,"href":"https:\/\/churchmyway.org\/es\/wp-json\/wp\/v2\/media\/7697"}],"wp:attachment":[{"href":"https:\/\/churchmyway.org\/es\/wp-json\/wp\/v2\/media?parent=14508"}],"wp:term":[{"taxonomy":"category","embeddable":true,"href":"https:\/\/churchmyway.org\/es\/wp-json\/wp\/v2\/categories?post=14508"},{"taxonomy":"post_tag","embeddable":true,"href":"https:\/\/churchmyway.org\/es\/wp-json\/wp\/v2\/tags?post=14508"}],"curies":[{"name":"wp","href":"https:\/\/api.w.org\/{rel}","templated":true}]}}