{"id":14772,"date":"2025-07-11T22:04:34","date_gmt":"2025-07-12T02:04:34","guid":{"rendered":"https:\/\/churchmyway.org\/el-papa-ha-destituido-al-padre-georg-gaenswein-el-vaticano-especifica-redistribucion-de-compromisos\/"},"modified":"2025-12-21T16:25:32","modified_gmt":"2025-12-21T16:25:32","slug":"papa-destituido-padre-georg-gaenswein-vaticano","status":"publish","type":"post","link":"https:\/\/churchmyway.org\/es\/papa-destituido-padre-georg-gaenswein-vaticano\/","title":{"rendered":"&#8220;El Papa ha destituido al Padre Georg Gaenswein&#8221;, el Vaticano especifica: &#8220;Redistribuci\u00f3n de compromisos&#8221;"},"content":{"rendered":"<h2>&#8220;El Papa ha destituido al Padre Georg Gaenswein&#8221;, el Vaticano especifica: &#8220;Redistribuci\u00f3n de compromisos&#8221;<br \/>\n<\/h2>\n<div>\n<p>    <!-- WP VERSION --><\/p>\n<div class=\"fp_intro\">\n<p>Existe un &#8220;misterio&#8221; en torno a la desaparici\u00f3n p\u00fablica de Georg Gaenswein, prefecto de la Casa Pontificia y secretario de Benedicto XVI: el monse\u00f1or no estuvo presente hoy en la audiencia general del Pont\u00edfice, como tampoco lo estuvo en las audiencias privadas de los \u00faltimos d\u00edas. Seg\u00fan el Tagespost, el Papa lo habr\u00eda destituido indefinidamente, pero ha llegado una desmentida del Vaticano.<\/p>\n<\/div>\n<p>    <!-- WP VERSION --><\/p>\n<div class=\"fp_main-media\">\n<figure class=\"fp_main-media__container\"><img loading=\"lazy\" decoding=\"async\" src=\"https:\/\/churchmyway.org\/wp-content\/uploads\/2022\/07\/The-Pope-has-dismissed-Father-Georg-Gaenswein-Vatican-specifies-Redistribution.jpg\" class=\"fp_img fp_live-box__media-image\" alt=\"Padre Georg Gaenswein con el Papa Francisco\" width=\"1200\" height=\"675\" title=\"\"><\/figure>\n<p>Padre Georg Gaenswein con el Papa Francisco<\/p>\n<\/p><\/div>\n<p>    <!-- WP VERSION --><\/p>\n<p>La indiscreci\u00f3n fue lanzada por la prensa alemana seg\u00fan la cual el Papa Francisco habr\u00eda concedido un <strong>permiso indefinido<\/strong> al prefecto de la Casa Pontificia y secretario de Benedicto XVI, monse\u00f1or <strong>Georg Gaenswein<\/strong>. El monse\u00f1or, de 63 a\u00f1os, no estuvo presente hoy en la audiencia general del Pont\u00edfice, como tampoco lo estuvo en las audiencias privadas en el Palacio Apost\u00f3lico en los \u00faltimos d\u00edas. El &#8220;misterio&#8221; de su desaparici\u00f3n p\u00fablica, por tanto, se prolonga desde hace tiempo. Seg\u00fan el <em>daily mail,<\/em> precisamente, \u201cel Papa Francisco ha destituido al prefecto de la Casa Pontificia, arzobispo Georg Gaenswein, por un per\u00edodo indefinido. El secretario privado del Papa Em\u00e9rito permanece al frente de la prefectura, la oficina vaticana responsable de las audiencias p\u00fablicas del Papa, pero est\u00e1 exonerado para poder dedicar m\u00e1s tiempo a Benedicto XVI\u201d. Una decisi\u00f3n que, de nuevo seg\u00fan el <em>daily mail,<\/em> se habr\u00eda tomado tras la <strong>\u201cdesafortunada presentaci\u00f3n del libro sobre el sacerdocio<\/strong> del cardenal Robert Sarah al que Benedicto XVI contribuy\u00f3 con un ensayo\u201d, una presentaci\u00f3n que \u201cinicialmente dio la impresi\u00f3n de que ambos, el Papa Em\u00e9rito y el Prefecto de la Congregaci\u00f3n para el Culto Divino, quer\u00edan imponer al Papa reinante c\u00f3mo resolver la cuesti\u00f3n de los \u2018viri probati\u2019 propuesta por el s\u00ednodo sobre la Amazon\u00eda\u201d.<\/p>\n<p><!-- WP VERSION --><\/p>\n<p>    <!-- WP VERSION --><\/p>\n<p><strong>La posici\u00f3n del portavoz de la Santa Sede &#8211;<\/strong> El portavoz de la Santa Sede, Matteo Bruni, sin embargo, de hecho, rest\u00f3 importancia y desminti\u00f3 la noticia difundida por la prensa alemana, afirmando no tener &#8220;ninguna informaci\u00f3n al respecto&#8221; y explicando que la ausencia de Georg Gaenswein durante algunas audiencias en las \u00faltimas semanas se deber\u00eda &#8220;a una <strong>redistribuci\u00f3n ordinaria de diversos compromisos y funciones<\/strong> del prefecto de la casa pontificia, quien tambi\u00e9n ostenta el cargo de secretario particular del papa em\u00e9rito \u201d.<\/p>\n<p>    <!-- WP VERSION --><\/p><\/div>\n<p>  window._fpcmp.push(function(gdpr)<br \/>\n  {<br \/>\n    !function(f,b,e,v,n,t,s) {if(f.fbq)return;n=f.fbq=function(){n.callMethod?<br \/>\n      n.callMethod.apply(n,arguments):n.queue.push(arguments)};<br \/>\n      if(!f._fbq)f._fbq=n;n.push=n;n.loaded=!0;n.version=&#8217;2.0&#8242;;<br \/>\n      n.queue=[];t=b.createElement(e);t.async=!0;<br \/>\n      t.src=v;s=b.getElementsByTagName(e)[0];<br \/>\n      s.parentNode.insertBefore(t,s)}(window, document,&#8217;script&#8217;,<br \/>\n      &#8216;<br \/>\n    fbq(&#8216;init&#8217;, &#8216;2062554930705272&#8217;);<br \/>\n    fbq(&#8216;track&#8217;, &#8216;PageView&#8217;);<br \/>\n    \/\/fbq(&#8216;track&#8217;, &#8216;ViewContent&#8217;);<br \/>\n    \/\/send custom checkpoints event<br \/>\n    (function () {<br \/>\n      var checkPoints = [10, 20, 40, 60, 90, 120, 180, 240, 300].sort(function(a, b) {<br \/>\n              return a &#8211; b;<br \/>\n      }); \/\/seconds<br \/>\n      var checkPointIndex = 0;<br \/>\n      var f = function(){<br \/>\n          var data = {<br \/>\n                  instant: checkPoints[checkPointIndex]<br \/>\n          };<br \/>\n          console.log(&#8220;[FB PIXEL] send custom event ViewContentCheckPoint &#8220;, data, &#8221; on account &#8221; ,&#8221;2062554930705272&#8243; , &#8221; currentTime in seconds &#8220;,<br \/>\n                  new Date().getTime() \/ 1000);<br \/>\n          fbq(&#8216;trackCustom&#8217;, &#8216;ViewContentCheckPoint&#8217;, data);<br \/>\n          checkPointIndex++;<br \/>\n          if(checkPointIndex &lt; checkPoints.length) {<br \/>\n            setTimeout(f, (checkPoints[checkPointIndex] &#8211; checkPoints[checkPointIndex-1]) * 1000)<br \/>\n          }<br \/>\n      };<br \/>\n      if(checkPoints.length){<br \/>\n        setTimeout(f, checkPoints[checkPointIndex] * 1000)<br \/>\n      }<\/p>\n<p>    })();<br \/>\n  });<\/p>\n<p><!-- Last Updated Notice --><\/p>\n<p style=\"margin-top: 30px; padding: 12px 16px; background: #f0f7ff; border-left: 3px solid #2196F3; border-radius: 4px; font-size: 14px; color: #555;\">\n<em>\ud83d\udcc5 Last updated: 21.12.2025<\/em>\n<\/p>\n<p><!-- Related Articles --><\/p>\n<div class=\"related-articles\" style=\"margin-top: 40px; padding: 25px; background: linear-gradient(135deg, #e8f5e9 0%, #c8e6c9 100%); border-radius: 12px; border-left: 4px solid #4CAF50;\">\n<h2 style=\"color: #2E7D32; margin-bottom: 20px; font-size: 24px;\">\ud83d\udcda Related Articles You Might Enjoy<\/h2>\n<ul style=\"list-style: none; padding: 0; margin: 0;\">\n<li style=\"margin-bottom: 12px; padding: 12px 15px; background: white; border-radius: 8px; box-shadow: 0 2px 4px rgba(0,0,0,0.05);\">\n<a href=\"https:\/\/churchmyway.org\/padre-nuestro-piedra-angular-poderosos-beneficios\/\" style=\"color: #1976D2; text-decoration: none; font-weight: 500; font-size: 16px;\">\u279c El Padre Nuestro: Piedra Angular de la Fe con Poderosos Beneficios<\/a>\n<\/li>\n<\/ul>\n<\/div>\n<p><!-- End Related Articles --><\/p>\n","protected":false},"excerpt":{"rendered":"<p>&#8220;El Papa ha destituido al Padre Georg Gaenswein&#8221;, el Vaticano especifica: &#8220;Redistribuci\u00f3n de compromisos&#8221; Existe un &#8220;misterio&#8221; en torno a la desaparici\u00f3n p\u00fablica de Georg Gaenswein, prefecto de la Casa<\/p>\n","protected":false},"author":1,"featured_media":5377,"comment_status":"closed","ping_status":"open","sticky":false,"template":"","format":"standard","meta":{"footnotes":""},"categories":[14],"tags":[],"class_list":["post-14772","post","type-post","status-publish","format-standard","has-post-thumbnail","hentry","category-church-news","generate-columns","tablet-grid-50","mobile-grid-100","grid-parent","grid-50","no-featured-image-padding"],"_links":{"self":[{"href":"https:\/\/churchmyway.org\/es\/wp-json\/wp\/v2\/posts\/14772","targetHints":{"allow":["GET"]}}],"collection":[{"href":"https:\/\/churchmyway.org\/es\/wp-json\/wp\/v2\/posts"}],"about":[{"href":"https:\/\/churchmyway.org\/es\/wp-json\/wp\/v2\/types\/post"}],"author":[{"embeddable":true,"href":"https:\/\/churchmyway.org\/es\/wp-json\/wp\/v2\/users\/1"}],"replies":[{"embeddable":true,"href":"https:\/\/churchmyway.org\/es\/wp-json\/wp\/v2\/comments?post=14772"}],"version-history":[{"count":1,"href":"https:\/\/churchmyway.org\/es\/wp-json\/wp\/v2\/posts\/14772\/revisions"}],"predecessor-version":[{"id":14773,"href":"https:\/\/churchmyway.org\/es\/wp-json\/wp\/v2\/posts\/14772\/revisions\/14773"}],"wp:featuredmedia":[{"embeddable":true,"href":"https:\/\/churchmyway.org\/es\/wp-json\/wp\/v2\/media\/5377"}],"wp:attachment":[{"href":"https:\/\/churchmyway.org\/es\/wp-json\/wp\/v2\/media?parent=14772"}],"wp:term":[{"taxonomy":"category","embeddable":true,"href":"https:\/\/churchmyway.org\/es\/wp-json\/wp\/v2\/categories?post=14772"},{"taxonomy":"post_tag","embeddable":true,"href":"https:\/\/churchmyway.org\/es\/wp-json\/wp\/v2\/tags?post=14772"}],"curies":[{"name":"wp","href":"https:\/\/api.w.org\/{rel}","templated":true}]}}