{"id":14780,"date":"2025-07-12T05:02:06","date_gmt":"2025-07-12T09:02:06","guid":{"rendered":"https:\/\/churchmyway.org\/miedo-al-coronavirus-en-el-vaticano-hisopo-para-el-papa-francisco-controles-estrictos-para-ratzinger\/"},"modified":"2025-12-21T16:23:37","modified_gmt":"2025-12-21T16:23:37","slug":"miedo-coronavirus-vaticano-hisopo-papa-francisco","status":"publish","type":"post","link":"https:\/\/churchmyway.org\/es\/miedo-coronavirus-vaticano-hisopo-papa-francisco\/","title":{"rendered":"Miedo al Coronavirus en el Vaticano: hisopo para el Papa Francisco, controles estrictos para Ratzinger"},"content":{"rendered":"<h2>Miedo al Coronavirus en el Vaticano: hisopo para el Papa Francisco, controles estrictos para Ratzinger<br \/>\n<\/h2>\n<div>\n<p>    <!-- WP VERSION --><\/p>\n<div class=\"fp_intro\">\n<p>El pont\u00edfice tiene una tos persistente y se vio obligado a renunciar a los ejercicios espirituales de Cuaresma en Ariccia, pero se excluye que tenga una enfermedad grave. Controles m\u00e1s exhaustivos tambi\u00e9n para el papa em\u00e9rito, quien sin embargo sale cada vez menos y, por lo tanto, es menos propenso a un posible contagio. El Vaticano se ha encomendado al Ministerio de Salud italiano.<\/p>\n<\/div>\n<p>    <!-- WP VERSION --><\/p>\n<div class=\"fp_main-media\">\n<figure class=\"fp_main-media__container\"><img loading=\"lazy\" decoding=\"async\" alt=\"Fear Coronavirus in the Vatican buffer for Pope Francis tight - Miedo al Coronavirus en el Vaticano:\" src=\"https:\/\/churchmyway.org\/wp-content\/uploads\/2022\/07\/Fear-Coronavirus-in-the-Vatican-buffer-for-Pope-Francis-tight.jpg\" class=\"fp_img fp_live-box__media-image\" width=\"2400\" height=\"1600\" title=\"\"><\/figure>\n<\/p><\/div>\n<div class=\"fp_story-box fp_story-box--mobile  fp_story-box--default \">\n<div class=\"fp_story-box__content\">\n<p>Activa las notificaciones para recibir actualizaciones sobre<\/p>\n<\/p><\/div>\n<\/div>\n<p>    <!-- WP VERSION --><\/p>\n<p>    <!-- WP VERSION --><\/p>\n<p>El miedo al Coronavirus tambi\u00e9n ha llegado al Vaticano: el Papa Francisco (83 a\u00f1os) y el Papa Em\u00e9rito Benedicto XVI (92), seg\u00fan se ha sabido de fuentes confidenciales de m\u00e1s all\u00e1 del T\u00edber, se les habr\u00eda aplicado un protocolo de salud m\u00e1s r\u00edgido para evitar que enfermen de la nueva forma de gripe que est\u00e1 cobrando vidas en todo el mundo. Precauciones sencillas, por supuesto: los dos Papas se encuentran en condiciones de salud &#8220;normales&#8221; para dos hombres de su edad, considerando tambi\u00e9n las dolencias de la estaci\u00f3n.<\/p>\n<p><strong>Francisco, en particular, ha sido v\u00edctima de una tos persistente durante d\u00edas:<\/strong> para \u00e9l, probablemente solo una gripe trivial, pero parece que el pont\u00edfice fue sometido de todos modos al hisopo para Coronavirus, el cual result\u00f3 negativo. Sobre esto, la Santa Sede ni confirma ni desmiente, como suele ocurrir con temas tan delicados. El problema con Francisco es que ve a mucha gente todos los d\u00edas y, por lo tanto, es m\u00e1s propenso a las dolencias. Benedicto XVI, por otro lado, cuanto mayor se hace, menos sale del monasterio &#8220;Mater Ecclesiae&#8221;, donde vive, y menos gente conoce, por lo que est\u00e1 menos sujeto al contacto con otros y es m\u00e1s estrechamente vigilado por el personal m\u00e9dico que le ha sido asignado. Para ninguno de ellos, en cualquier caso, hay motivos de preocupaci\u00f3n, aunque Francisco tuvo, a su pesar, que renunciar a ir junto con los cardenales de la Curia Romana a Ariccia para los retiros anuales organizados con motivo de la Cuaresma.<\/p>\n<div class=\"fp_read-also fp_read-also--with-post fp_read-also--broken\">\n<div class=\"fp_read-also__content\">\n<p>        <span class=\"fp_read-also__inner-title\">Covid en Lombard\u00eda, hoy 3.262 nuevos casos y 12 muertes, 508 contagios en Mil\u00e1n: bolet\u00edn del 18 de julio<\/span><\/p><\/div>\n<\/div>\n<p><strong>En los \u00faltimos d\u00edas, se han reforzado las medidas de precauci\u00f3n para los fieles que visitan el Vaticano<\/strong> y para los empleados del pa\u00eds m\u00e1s peque\u00f1o del mundo. Un m\u00e9dico y una enfermera est\u00e1n siempre disponibles en el dispensario m\u00e9dico, listos para implementar los protocolos de verificaci\u00f3n del Coronavirus, mientras que se han instalado dispensadores de desinfectante en las oficinas. Todos los procedimientos han sido acordados con el Ministerio de Salud italiano y con la Regi\u00f3n del Lacio, a quienes se deben informar de inmediato los casos de infecci\u00f3n encontrados en la Ciudad del Vaticano.<\/p>\n<p><strong>Las recomendaciones de higiene del gobierno italiano tambi\u00e9n se han difundido entre quienes trabajan m\u00e1s all\u00e1 del T\u00edber.<\/strong> El Vaticano tambi\u00e9n ha procedido a cancelar o posponer algunos eventos que habr\u00edan previsto una aglomeraci\u00f3n excesiva de personas, pero por el momento la cancelaci\u00f3n de las liturgias de Cuaresma est\u00e1 fuera de discusi\u00f3n, a diferencia de lo que ya ha ocurrido en muchas partes de Italia, especialmente en la llamada &#8220;zona roja&#8221;, es decir, en las regiones del norte de Italia donde se han identificado brotes del virus.<\/p>\n<p>    <!-- WP VERSION --><\/p><\/div>\n<p>  window._fpcmp.push(function(gdpr)<br \/>\n  {<br \/>\n    !function(f,b,e,v,n,t,s) {if(f.fbq)return;n=f.fbq=function(){n.callMethod?<br \/>\n      n.callMethod.apply(n,arguments):n.queue.push(arguments)};<br \/>\n      if(!f._fbq)f._fbq=n;n.push=n;n.loaded=!0;n.version=&#8217;2.0&#8242;;<br \/>\n      n.queue=[];t=b.createElement(e);t.async=!0;<br \/>\n      t.src=v;s=b.getElementsByTagName(e)[0];<br \/>\n      s.parentNode.insertBefore(t,s)}(window, document,&#8217;script&#8217;,<br \/>\n      &#8216;https:\/\/connect.facebook.net\/en_US\/fbevents.js&#8217;);<br \/>\n    fbq(&#8216;init&#8217;, &#8216;2062554930705272&#8217;);<br \/>\n    fbq(&#8216;track&#8217;, &#8216;PageView&#8217;);<br \/>\n    \/\/fbq(&#8216;track&#8217;, &#8216;ViewContent&#8217;);<br \/>\n    \/\/send custom checkpoints event<br \/>\n    (function () {<br \/>\n      var checkPoints = [10, 20, 40, 60, 90, 120, 180, 240, 300].sort(function(a, b) {<br \/>\n              return a &#8211; b;<br \/>\n      }); \/\/seconds<br \/>\n      var checkPointIndex = 0;<br \/>\n      var f = function(){<br \/>\n          var data = {<br \/>\n                  instant: checkPoints[checkPointIndex]<br \/>\n          };<br \/>\n          console.log(&#8220;[FB PIXEL] send custom event ViewContentCheckPoint &#8220;, data, &#8221; on account &#8221; ,&#8221;2062554930705272&#8243; , &#8221; currentTime in seconds &#8220;,<br \/>\n                  new Date().getTime() \/ 1000);<br \/>\n          fbq(&#8216;trackCustom&#8217;, &#8216;ViewContentCheckPoint&#8217;, data);<br \/>\n          checkPointIndex++;<br \/>\n          if(checkPointIndex &lt; checkPoints.length) {<br \/>\n            setTimeout(f, (checkPoints[checkPointIndex] &#8211; checkPoints[checkPointIndex-1]) * 1000)<br \/>\n          }<br \/>\n      };<br \/>\n      if(checkPoints.length){<br \/>\n        setTimeout(f, checkPoints[checkPointIndex] * 1000)<br \/>\n      }<\/p>\n<p>    })();<br \/>\n  });<\/p>\n<p><!-- Last Updated Notice --><\/p>\n<p style=\"margin-top: 30px; padding: 12px 16px; background: #f0f7ff; border-left: 3px solid #2196F3; border-radius: 4px; font-size: 14px; color: #555;\">\n<em>\ud83d\udcc5 Last updated: 21.12.2025<\/em>\n<\/p>\n<p><!-- Related Articles --><\/p>\n<div class=\"related-articles\" style=\"margin-top: 40px; padding: 25px; background: linear-gradient(135deg, #e8f5e9 0%, #c8e6c9 100%); border-radius: 12px; border-left: 4px solid #4CAF50;\">\n<h2 style=\"color: #2E7D32; margin-bottom: 20px; font-size: 24px;\">\ud83d\udcda Related Articles You Might Enjoy<\/h2>\n<ul style=\"list-style: none; padding: 0; margin: 0;\">\n<li style=\"margin-bottom: 12px; padding: 12px 15px; background: white; border-radius: 8px; box-shadow: 0 2px 4px rgba(0,0,0,0.05);\">\n<a href=\"https:\/\/churchmyway.org\/concilio-vaticano-primero-cambio-nuestra-vision\/\" style=\"color: #1976D2; text-decoration: none; font-weight: 500; font-size: 16px;\">\u279c \u00bfC\u00f3mo el Concilio Vaticano Primero Cambi\u00f3 Nuestra Visi\u00f3n de Dios Hoy?<\/a>\n<\/li>\n<li style=\"margin-bottom: 12px; padding: 12px 15px; background: white; border-radius: 8px; box-shadow: 0 2px 4px rgba(0,0,0,0.05);\">\n<a href=\"https:\/\/churchmyway.org\/vaticano-entero-peligros-oferta-londres-afirma\/\" style=\"color: #1976D2; text-decoration: none; font-weight: 500; font-size: 16px;\">\u279c El Vaticano se enter\u00f3 de los peligros de la oferta de Londres, afirma el inversor que la gestion\u00f3<\/a>\n<\/li>\n<li style=\"margin-bottom: 12px; padding: 12px 15px; background: white; border-radius: 8px; box-shadow: 0 2px 4px rgba(0,0,0,0.05);\">\n<a href=\"https:\/\/churchmyway.org\/vaticano-vende-edificio-londres-objeto-acuerdo\/\" style=\"color: #1976D2; text-decoration: none; font-weight: 500; font-size: 16px;\">\u279c El Vaticano vende el edificio de Londres objeto del acuerdo en juicio al fondo Bain Capital: 186 millones de libras recaudadas<\/a>\n<\/li>\n<li style=\"margin-bottom: 12px; padding: 12px 15px; background: white; border-radius: 8px; box-shadow: 0 2px 4px rgba(0,0,0,0.05);\">\n<a href=\"https:\/\/churchmyway.org\/cumpleanos-vaticano-ratzinger-hoy-cumple-anos\/\" style=\"color: #1976D2; text-decoration: none; font-weight: 500; font-size: 16px;\">\u279c Cumplea\u00f1os en el Vaticano para Ratzinger: hoy cumple 94 a\u00f1os, es el m\u00e1s longevo entre los Papas<\/a>\n<\/li>\n<\/ul>\n<\/div>\n<p><!-- End Related Articles --><\/p>\n","protected":false},"excerpt":{"rendered":"<p>Miedo al Coronavirus en el Vaticano: hisopo para el Papa Francisco, controles estrictos para Ratzinger El pont\u00edfice tiene una tos persistente y se vio obligado a renunciar a los ejercicios<\/p>\n","protected":false},"author":1,"featured_media":5316,"comment_status":"closed","ping_status":"open","sticky":false,"template":"","format":"standard","meta":{"footnotes":""},"categories":[14],"tags":[],"class_list":["post-14780","post","type-post","status-publish","format-standard","has-post-thumbnail","hentry","category-church-news","generate-columns","tablet-grid-50","mobile-grid-100","grid-parent","grid-50","no-featured-image-padding"],"_links":{"self":[{"href":"https:\/\/churchmyway.org\/es\/wp-json\/wp\/v2\/posts\/14780","targetHints":{"allow":["GET"]}}],"collection":[{"href":"https:\/\/churchmyway.org\/es\/wp-json\/wp\/v2\/posts"}],"about":[{"href":"https:\/\/churchmyway.org\/es\/wp-json\/wp\/v2\/types\/post"}],"author":[{"embeddable":true,"href":"https:\/\/churchmyway.org\/es\/wp-json\/wp\/v2\/users\/1"}],"replies":[{"embeddable":true,"href":"https:\/\/churchmyway.org\/es\/wp-json\/wp\/v2\/comments?post=14780"}],"version-history":[{"count":0,"href":"https:\/\/churchmyway.org\/es\/wp-json\/wp\/v2\/posts\/14780\/revisions"}],"wp:featuredmedia":[{"embeddable":true,"href":"https:\/\/churchmyway.org\/es\/wp-json\/wp\/v2\/media\/5316"}],"wp:attachment":[{"href":"https:\/\/churchmyway.org\/es\/wp-json\/wp\/v2\/media?parent=14780"}],"wp:term":[{"taxonomy":"category","embeddable":true,"href":"https:\/\/churchmyway.org\/es\/wp-json\/wp\/v2\/categories?post=14780"},{"taxonomy":"post_tag","embeddable":true,"href":"https:\/\/churchmyway.org\/es\/wp-json\/wp\/v2\/tags?post=14780"}],"curies":[{"name":"wp","href":"https:\/\/api.w.org\/{rel}","templated":true}]}}