{"id":14787,"date":"2025-07-12T09:01:24","date_gmt":"2025-07-12T13:01:24","guid":{"rendered":"https:\/\/churchmyway.org\/abusos-en-la-iglesia-el-vaticano-cierra-las-acusaciones-de-encubrimiento-contra-el-cardenal-dziwisz-actuo-correctamente\/"},"modified":"2025-12-21T16:23:08","modified_gmt":"2025-12-21T16:23:08","slug":"abusos-iglesia-vaticano-cierra-acusaciones-encubrimiento","status":"publish","type":"post","link":"https:\/\/churchmyway.org\/es\/abusos-iglesia-vaticano-cierra-acusaciones-encubrimiento\/","title":{"rendered":"Abusos en la Iglesia, el Vaticano cierra las acusaciones de encubrimiento contra el Cardenal Dziwisz: &#8220;Actu\u00f3 correctamente&#8221;"},"content":{"rendered":"<h2>Abusos en la Iglesia, el Vaticano cierra las acusaciones de encubrimiento contra el Cardenal Dziwisz: &#8220;Actu\u00f3 correctamente&#8221;<\/h2>\n<div id=\"article-body-6567785\">\n<section class=\"article-content\">Sin ofensa, sin abuso: el <strong>Vaticano<\/strong> ha decidido desestimar los cargos contra el cardenal <strong>Stanislaw Dziwisz<\/strong>, el hist\u00f3rico secretario de <strong>Juan Pablo II<\/strong>, seg\u00fan los cuales el cardenal habr\u00eda <strong>encubierto abusos sexuales<\/strong> a numerosas v\u00edctimas en <strong>Polonia<\/strong>. Hoy, la Nunciatura del Pa\u00eds Oriental, con una comunicaci\u00f3n difundida en <strong>Cracovia<\/strong>, inform\u00f3 que \u201cla Santa Sede ha examinado la documentaci\u00f3n entregada por el cardenal <strong>Angelo Bagnasco<\/strong>, arzobispo em\u00e9rito de G\u00e9nova, recopilada durante su visita a Polonia del 17 al 26 de junio de 2021, cuyo prop\u00f3sito fue verificar algunas cuestiones relacionadas con las actividades del Cardenal Stanislaw Dziwisz durante su ministerio como <strong>Arzobispo Metropolitano de Cracovia<\/strong> (2005-2016). El an\u00e1lisis de la documentaci\u00f3n recopilada permiti\u00f3 evaluar estas actividades del Cardenal Dziwisz como correctas y, por lo tanto, la Santa Sede ha <strong>acordado no proceder m\u00e1s<\/strong>\u201d.<\/p>\n<p>El cardenal polaco, quien siempre se hab\u00eda declarado inocente y hab\u00eda solicitado \u00e9l mismo una Comisi\u00f3n independiente sobre el tema, expres\u00f3 su satisfacci\u00f3n. &#8220;Expreso mi gratitud a todos aquellos que han contribuido a responder de manera responsable a las acusaciones levantadas contra m\u00ed durante mi cargo como Arzobispo de Cracovia&#8221;, afirm\u00f3 que con su visita en nombre de la Santa Sede, el Cardenal Bagnasco (exarzobispo de G\u00e9nova y expresidente de la CEI) &#8220;ha trabajado para aclarar las mencionadas acusaciones, para m\u00ed tan <strong>inmerecidas y dolorosas<\/strong>. Espero que el anuncio de la Nunciatura Apost\u00f3lica en Polonia publicado hoy ayude no solo a aclarar la cuesti\u00f3n, sino tambi\u00e9n a restaurar la serenidad a todos aquellos que se han sentido ofendidos por las acusaciones levantadas contra m\u00ed. Estoy muy agradecido a la <strong>Santa Sede<\/strong> por el justo juicio sobre el caso &#8220;.<\/p>\n<p>El Vaticano, tras las acusaciones de algunas presuntas v\u00edctimas en Polonia, hab\u00eda establecido una Comisi\u00f3n para aclarar las denuncias de abuso y pedofilia, y Dziwisz fue acusado de haber ayudado a encubrirlas. En el docufilm <em>Don Stanislao. El otro rostro del Cardenal Dziwisz<\/em>, se se\u00f1alaba al exsecretario de <strong>Wojtyla<\/strong>, acusado por las v\u00edctimas de encubrir algunos hechos a cambio de ofrendas para la Iglesia. Fue en esa ocasi\u00f3n que el exarzobispo de Cracovia pidi\u00f3 una comisi\u00f3n independiente que pudiera arrojar luz sobre los hechos que \u00e9l siempre rechaz\u00f3 como &#8220;calumnias&#8221;.<\/p>\n<\/section>\n<\/div>\n<p><!-- Last Updated Notice --><\/p>\n<p style=\"margin-top: 30px; padding: 12px 16px; background: #f0f7ff; border-left: 3px solid #2196F3; border-radius: 4px; font-size: 14px; color: #555;\">\n<em>\ud83d\udcc5 Last updated: 20.12.2025<\/em>\n<\/p>\n<p><!-- Related Articles --><\/p>\n<div class=\"related-articles\" style=\"margin-top: 40px; padding: 25px; background: linear-gradient(135deg, #e8f5e9 0%, #c8e6c9 100%); border-radius: 12px; border-left: 4px solid #4CAF50;\">\n<h2 style=\"color: #2E7D32; margin-bottom: 20px; font-size: 24px;\">\ud83d\udcda Related Articles You Might Enjoy<\/h2>\n<ul style=\"list-style: none; padding: 0; margin: 0;\">\n<li style=\"margin-bottom: 12px; padding: 12px 15px; background: white; border-radius: 8px; box-shadow: 0 2px 4px rgba(0,0,0,0.05);\">\n<a href=\"https:\/\/churchmyway.org\/que-es-una-iglesia-pentecostal\/\" style=\"color: #1976D2; text-decoration: none; font-weight: 500; font-size: 16px;\">\u279c \u00bfQu\u00e9 es una Iglesia Pentecostal?<\/a>\n<\/li>\n<li style=\"margin-bottom: 12px; padding: 12px 15px; background: white; border-radius: 8px; box-shadow: 0 2px 4px rgba(0,0,0,0.05);\">\n<a href=\"https:\/\/churchmyway.org\/concilio-vaticano-primero-cambio-nuestra-vision\/\" style=\"color: #1976D2; text-decoration: none; font-weight: 500; font-size: 16px;\">\u279c \u00bfC\u00f3mo el Concilio Vaticano Primero Cambi\u00f3 Nuestra Visi\u00f3n de Dios Hoy?<\/a>\n<\/li>\n<li style=\"margin-bottom: 12px; padding: 12px 15px; background: white; border-radius: 8px; box-shadow: 0 2px 4px rgba(0,0,0,0.05);\">\n<a href=\"https:\/\/churchmyway.org\/la-definicion-de-matrimonio-de-la-iglesia\/\" style=\"color: #1976D2; text-decoration: none; font-weight: 500; font-size: 16px;\">\u279c La definici\u00f3n de matrimonio de la Iglesia<\/a>\n<\/li>\n<li style=\"margin-bottom: 12px; padding: 12px 15px; background: white; border-radius: 8px; box-shadow: 0 2px 4px rgba(0,0,0,0.05);\">\n<a href=\"https:\/\/churchmyway.org\/hechos-de-la-iglesia-catolica-parte-1\/\" style=\"color: #1976D2; text-decoration: none; font-weight: 500; font-size: 16px;\">\u279c Hechos de la Iglesia Cat\u00f3lica Parte 1<\/a>\n<\/li>\n<\/ul>\n<\/div>\n<p><!-- End Related Articles --><\/p>\n","protected":false},"excerpt":{"rendered":"<p>Abusos en la Iglesia, el Vaticano cierra las acusaciones de encubrimiento contra el Cardenal Dziwisz: &#8220;Actu\u00f3 correctamente&#8221; Sin ofensa, sin abuso: el Vaticano ha decidido desestimar los cargos contra el<\/p>\n","protected":false},"author":1,"featured_media":5157,"comment_status":"closed","ping_status":"open","sticky":false,"template":"","format":"standard","meta":{"footnotes":""},"categories":[14],"tags":[1796,143],"class_list":["post-14787","post","type-post","status-publish","format-standard","has-post-thumbnail","hentry","category-church-news","tag-abuses-in-the-church","tag-church-my-way","generate-columns","tablet-grid-50","mobile-grid-100","grid-parent","grid-50","no-featured-image-padding"],"_links":{"self":[{"href":"https:\/\/churchmyway.org\/es\/wp-json\/wp\/v2\/posts\/14787","targetHints":{"allow":["GET"]}}],"collection":[{"href":"https:\/\/churchmyway.org\/es\/wp-json\/wp\/v2\/posts"}],"about":[{"href":"https:\/\/churchmyway.org\/es\/wp-json\/wp\/v2\/types\/post"}],"author":[{"embeddable":true,"href":"https:\/\/churchmyway.org\/es\/wp-json\/wp\/v2\/users\/1"}],"replies":[{"embeddable":true,"href":"https:\/\/churchmyway.org\/es\/wp-json\/wp\/v2\/comments?post=14787"}],"version-history":[{"count":0,"href":"https:\/\/churchmyway.org\/es\/wp-json\/wp\/v2\/posts\/14787\/revisions"}],"wp:featuredmedia":[{"embeddable":true,"href":"https:\/\/churchmyway.org\/es\/wp-json\/wp\/v2\/media\/5157"}],"wp:attachment":[{"href":"https:\/\/churchmyway.org\/es\/wp-json\/wp\/v2\/media?parent=14787"}],"wp:term":[{"taxonomy":"category","embeddable":true,"href":"https:\/\/churchmyway.org\/es\/wp-json\/wp\/v2\/categories?post=14787"},{"taxonomy":"post_tag","embeddable":true,"href":"https:\/\/churchmyway.org\/es\/wp-json\/wp\/v2\/tags?post=14787"}],"curies":[{"name":"wp","href":"https:\/\/api.w.org\/{rel}","templated":true}]}}