{"id":14795,"date":"2022-07-17T06:50:37","date_gmt":"2022-07-17T10:50:37","guid":{"rendered":"https:\/\/churchmyway.org\/nocelle-regresa-la-procesion-de-maria-santisima-del-carmelo\/"},"modified":"2025-12-26T00:32:47","modified_gmt":"2025-12-26T00:32:47","slug":"nocelle-regresa-la-procesion-de-maria-santisima-del-carmelo","status":"publish","type":"post","link":"https:\/\/churchmyway.org\/es\/nocelle-regresa-la-procesion-de-maria-santisima-del-carmelo\/","title":{"rendered":"Nocelle, regresa la procesi\u00f3n de Mar\u00eda Sant\u00edsima del Carmelo"},"content":{"rendered":"<h2>Positano, Nocelle, regresa la procesi\u00f3n de Mar\u00eda Sant\u00edsima del Carmelo<\/h2>\n<div id=\"entry\">\n<p style=\"text-align: left\">Positano, Nocelle celebra a Mar\u00eda Sant\u00edsima del Carmelo: el <strong>s<\/strong><strong>\u00e1bado 16 de julio de 2022<\/strong>, se celebra la <strong>fiesta de la Sant\u00edsima Virgen del Carmen<\/strong>. En Positano, la Perla de la <a href=\"https:\/\/churchmyway.org\/atrani-positano-the-return-to-santa-maria-del-bando-of-our-don-luigi\/\">Costa Amalfitana<\/a>, la aldea de Nocelle, coraz\u00f3n del Sendero de los Dioses, estaba en ebullici\u00f3n por las Solemnes celebraciones en la Iglesia de S. Croce.<\/p>\n<p>La procesi\u00f3n presencial finalmente ha regresado<\/p>\n<p>Toda la fiesta fue amenizada por el concierto de la Banda Ciudad de Sorrento<\/p>\n<blockquote class=\"wp-embedded-content\" data-secret=\"qb4n498nEu\"><p>Positano, hoy fiesta en Nocelle, perla del turismo de la \u201cMontiera\u201d, pero los problemas son aparcamiento y accesibilidad<\/p><\/blockquote>\n<figure class=\"article_image \"><img decoding=\"async\" src=\"https:\/\/churchmyway.org\/wp-content\/uploads\/2022\/07\/Positano-celebrates-Maria-SS-del-Carmelo-today-the-Holy-Mass.jpg\" alt=\"Positano celebra a Mar\u00eda Sant\u00edsima del Carmelo: hoy la Santa Misa de la Vigilia\" title=\"\"><\/figure>\n<\/div>\n<p>\u00a0<\/p>\n<h2>Profundizando en la Tradici\u00f3n: Consejos y Perspectivas para los Visitantes<\/h2>\n<p>Para el viajero que desea experimentar la Fiesta de Mar\u00eda Sant\u00edsima del Carmelo en Nocelle m\u00e1s all\u00e1 de la superficie, comprender el contexto cultural y log\u00edstico es esencial. Esta celebraci\u00f3n no es un espect\u00e1culo montado para el turismo, sino el latido aut\u00e9ntico de una comunidad de monta\u00f1a. Acercarse con respeto y preparaci\u00f3n transformar\u00e1 la visita de un simple evento a una inmersi\u00f3n memorable en la vida de la Costa Amalfitana.<\/p>\n<h3>Consejos Pr\u00e1cticos para una Experiencia Sin Contratiempos<\/h3>\n<p>Los problemas de aparcamiento y accesibilidad mencionados en el art\u00edculo son el principal desaf\u00edo. Nocelle, siendo una aldea colgada en la monta\u00f1a, tiene una capacidad de estacionamiento extremadamente limitada. Un error com\u00fan es intentar llegar en coche propio directamente a Nocelle el d\u00eda de la fiesta, lo que casi garantiza horas de frustraci\u00f3n. La estrategia experta es utilizar el sistema de transporte p\u00fablico desde Positano. Los microbuses locales, aunque concurridos, son la opci\u00f3n m\u00e1s fiable. Una alternativa encantadora y saludable es subir a pie desde la iglesia de Santa Maria Assunta en Positano, siguiendo la escalinata y el sendero se\u00f1alizado; es una caminata exigente de aproximadamente una hora, pero ofrece vistas incomparables y le conecta f\u00edsicamente con el paisaje que los devotos han atravesado durante siglos.<\/p>\n<ul>\n<li><strong>Llegar Temprano, Permanecer Tarde:<\/strong> Planee llegar a Nocelle a media tarde, mucho antes de la procesi\u00f3n vespertina. Esto le permitir\u00e1 explorar la aldea con calma, asegurar un buen lugar para observar y disfrutar del ambiente de anticipaci\u00f3n. Considere quedarse para una cena tranquila en uno de los peque\u00f1os restaurantes familiares una vez que la multitud disminuya.<\/li>\n<li><strong>Calzado es Rey:<\/strong> Olv\u00eddese de las sandalias elegantes. Las calles de Nocelle son empinadas, empedradas y, durante la procesi\u00f3n, abarrotadas. Un calzado deportivo con buen agarre es no negociable para su seguridad y comodidad.<\/li>\n<li><strong>Hidrataci\u00f3n y Paciencia:<\/strong> Lleve su propia botella de agua. Julio puede ser sofocante, y aunque hay bares, estar\u00e1n saturados. La paciencia no es solo una virtud, sino una necesidad: las colas para el autob\u00fas, para entrar a la iglesia, para pedir una bebida, son parte de la experiencia. Abr\u00e1celas como una oportunidad para observar y conversar con los locales.<\/li>\n<\/ul>\n<h3>El Significado M\u00e1s Profundo: M\u00e1s All\u00e1 de la Procesi\u00f3n<\/h3>\n<p>La devoci\u00f3n a la Virgen del Carmen en comunidades costeras y de monta\u00f1a como Nocelle tiene capas hist\u00f3ricas fascinantes. Mientras que en los pueblos pesqueros se la invoca como &#8220;Estrella del Mar&#8221; para la protecci\u00f3n de los marineros, en las comunidades agr\u00edcolas de las monta\u00f1as es venerada como protectora de las cosechas y contra los incendios estivales. Nocelle, situada entre el mar y los riscos, abraza ambas dimensiones. La estatua que se procesiona no es una talla cualquiera; su historia suele estar ligada a un momento de gracia o salvaci\u00f3n para la aldea, quiz\u00e1s una sequ\u00eda terminada o un deslizamiento de tierra detenido. Un consejo de los conocedores es fijarse en los detalles de las ofrendas florales en la estatua y en el camino de la procesi\u00f3n: a menudo incluyen hierbas arom\u00e1ticas locales como romero y lavanda, s\u00edmbolos de pureza y protecci\u00f3n, vinculando la fe directamente con el territorio.<\/p>\n<p>Otro aspecto que pasa desapercibido para el ojo no entrenado es el sonido de la festividad. No es solo la banda musical lo que importa. Escuche atentamente el murmullo constante del rosario rezado por las mujeres mayores, el repique espec\u00edfico de las campanas de la Iglesia de Santa Croce (un toque diferente al de un domingo normal), y el estallido de cohetes (&#8220;botti&#8221;) que no son meramente festivos, sino que tradicionalmente serv\u00edan para &#8220;ahuyentar a los esp\u00edritus malignos&#8221; y anunciar el momento cumbre de la celebraci\u00f3n a las aldeas vecinas, creando una red auditiva de comuni\u00f3n a trav\u00e9s de los valles.<\/p>\n<h3>Errores Comunes que Debe Evitar<\/h3>\n<p>Para integrarse armoniosamente, es crucial evitar ciertos comportamientos. Primero, no interponerse en el camino de la procesi\u00f3n para tomar una foto perfecta. La procesi\u00f3n es un acto de fe en movimiento; col\u00f3quese a un lado con antelaci\u00f3n y sea discreto con su c\u00e1mara. Segundo, vestir de manera inapropiada. Mientras que la Costa Amalfitana es tur\u00edstica, esta es una fiesta religiosa. Llevar ropa demasiado reveladora (hombros y rodillas descubiertos) puede impedirle la entrada a la iglesia y se considera una falta de respeto. Tercero, ignorar el contexto de la aldea. Nocelle es un hogar, no solo un escenario. Evite entrar en propiedades privadas o asomarse a ventanas y balcones para obtener una mejor vista. La mayor\u00eda de las familias decoran sus puertas y ventanas para la ocasi\u00f3n; admirar desde la calle es parte del encanto.<\/p>\n<p>Finalmente, el consejo m\u00e1s valioso de un experto en tradiciones locales es: <strong>participe, no solo observe<\/strong>. Si se le ofrece un lugar para sostener un palio, o se le invita a unirse a la cola para besar el manto de la estatua (un gesto com\u00fan entre los devotos), acepte con gratitud. Compre un peque\u00f1o cirio en la iglesia y enci\u00e9ndalo con una intenci\u00f3n. Estas peque\u00f1as acciones le conectar\u00e1n con el significado humano de la festividad. La Fiesta del Carmen en Nocelle es un recordatorio potente de c\u00f3mo la fe, la comunidad y un paisaje espectacular se entrelazan en el sur de Italia. Superar los desaf\u00edos log\u00edsticos con planificaci\u00f3n y acercarse con sensibilidad cultural revelar\u00e1 la verdadera joya de esta celebraci\u00f3n:<\/p>\n<p><!-- Last Updated Notice --><\/p>\n<p style=\"margin-top: 30px; padding: 12px 16px; background: #f0f7ff; border-left: 3px solid #2196F3; border-radius: 4px; font-size: 14px; color: #555;\">\n<em>\ud83d\udcc5 Last updated: 25.12.2025<\/em>\n<\/p>\n<p><!-- FAQ Section --><\/p>\n<div class=\"faq-section\" style=\"margin-top: 40px; padding: 25px; background: linear-gradient(135deg, #f5f7fa 0%, #e4e8ec 100%); border-radius: 12px; border-left: 4px solid #2196F3;\">\n<h2 style=\"color: #1976D2; margin-bottom: 20px;\">\u2753 Frequently Asked Questions<\/h2>\n<div class=\"faq-item\" style=\"margin-bottom: 20px; padding: 15px; background: white; border-radius: 8px; box-shadow: 0 2px 4px rgba(0,0,0,0.1);\">\n<h3 style=\"color: #333; margin-bottom: 10px; font-size: 18px;\">\ud83d\udcac When is the Feast of Maria Santissima del Carmelo in Nocelle, Positano?<\/h3>\n<p style=\"color: #555; line-height: 1.6; margin: 0;\">The feast is celebrated on July 16th each year. In 2022, the main celebrations and procession were held on Saturday, July 16.<\/p>\n<\/div>\n<div class=\"faq-item\" style=\"margin-bottom: 20px; padding: 15px; background: white; border-radius: 8px; box-shadow: 0 2px 4px rgba(0,0,0,0.1);\">\n<h3 style=\"color: #333; margin-bottom: 10px; font-size: 18px;\">\ud83d\udcac What are the main challenges for visiting the festival in Nocelle?<\/h3>\n<p style=\"color: #555; line-height: 1.6; margin: 0;\">The primary challenges are severe parking limitations and accessibility, as Nocelle is a small mountain village. It is a common mistake to try to drive a personal car directly there on the day of the festival.<\/p>\n<\/div>\n<div class=\"faq-item\" style=\"margin-bottom: 20px; padding: 15px; background: white; border-radius: 8px; box-shadow: 0 2px 4px rgba(0,0,0,0.1);\">\n<h3 style=\"color: #333; margin-bottom: 10px; font-size: 18px;\">\ud83d\udcac What happens at the Feast of Maria Santissima del Carmelo in Nocelle?<\/h3>\n<p style=\"color: #555; line-height: 1.6; margin: 0;\">The celebration includes solemn ceremonies at the Church of Santa Croce and a traditional procession through the village. The festivities are also enlivened by a concert, such as one performed by the Banda Citt\u00e0 di Sorrento.<\/p>\n<\/div>\n<\/div>\n<p><!-- End FAQ Section --><\/p>\n<p><!-- FAQ Schema for SEO --><br \/>\n<script type=\"application\/ld+json\">\n{\n  \"@context\": \"https:\/\/schema.org\",\n  \"@type\": \"FAQPage\",\n  \"mainEntity\": [\n    {\n      \"@type\": \"Question\",\n      \"name\": \"When is the Feast of Maria Santissima del Carmelo in Nocelle, Positano?\",\n      \"acceptedAnswer\": {\n        \"@type\": \"Answer\",\n        \"text\": \"The feast is celebrated on July 16th each year. In 2022, the main celebrations and procession were held on Saturday, July 16.\"\n      }\n    },\n    {\n      \"@type\": \"Question\",\n      \"name\": \"What are the main challenges for visiting the festival in Nocelle?\",\n      \"acceptedAnswer\": {\n        \"@type\": \"Answer\",\n        \"text\": \"The primary challenges are severe parking limitations and accessibility, as Nocelle is a small mountain village. It is a common mistake to try to drive a personal car directly there on the day of the festival.\"\n      }\n    },\n    {\n      \"@type\": \"Question\",\n      \"name\": \"What happens at the Feast of Maria Santissima del Carmelo in Nocelle?\",\n      \"acceptedAnswer\": {\n        \"@type\": \"Answer\",\n        \"text\": \"The celebration includes solemn ceremonies at the Church of Santa Croce and a traditional procession through the village. The festivities are also enlivened by a concert, such as one performed by the Banda Citt\u00e0 di Sorrento.\"\n      }\n    }\n  ]\n}\n<\/script><\/p>\n","protected":false},"excerpt":{"rendered":"<p>Positano, Nocelle, regresa la procesi\u00f3n de Mar\u00eda Sant\u00edsima del Carmelo Positano, Nocelle celebra a Mar\u00eda Sant\u00edsima del Carmelo: el s\u00e1bado 16 de julio de 2022, se celebra la fiesta de<\/p>\n","protected":false},"author":1,"featured_media":4905,"comment_status":"closed","ping_status":"open","sticky":false,"template":"","format":"standard","meta":{"footnotes":""},"categories":[14],"tags":[1793],"class_list":["post-14795","post","type-post","status-publish","format-standard","has-post-thumbnail","hentry","category-church-news","tag-nocelle-the-procession-for-maria","generate-columns","tablet-grid-50","mobile-grid-100","grid-parent","grid-50","no-featured-image-padding"],"_links":{"self":[{"href":"https:\/\/churchmyway.org\/es\/wp-json\/wp\/v2\/posts\/14795","targetHints":{"allow":["GET"]}}],"collection":[{"href":"https:\/\/churchmyway.org\/es\/wp-json\/wp\/v2\/posts"}],"about":[{"href":"https:\/\/churchmyway.org\/es\/wp-json\/wp\/v2\/types\/post"}],"author":[{"embeddable":true,"href":"https:\/\/churchmyway.org\/es\/wp-json\/wp\/v2\/users\/1"}],"replies":[{"embeddable":true,"href":"https:\/\/churchmyway.org\/es\/wp-json\/wp\/v2\/comments?post=14795"}],"version-history":[{"count":2,"href":"https:\/\/churchmyway.org\/es\/wp-json\/wp\/v2\/posts\/14795\/revisions"}],"predecessor-version":[{"id":14804,"href":"https:\/\/churchmyway.org\/es\/wp-json\/wp\/v2\/posts\/14795\/revisions\/14804"}],"wp:featuredmedia":[{"embeddable":true,"href":"https:\/\/churchmyway.org\/es\/wp-json\/wp\/v2\/media\/4905"}],"wp:attachment":[{"href":"https:\/\/churchmyway.org\/es\/wp-json\/wp\/v2\/media?parent=14795"}],"wp:term":[{"taxonomy":"category","embeddable":true,"href":"https:\/\/churchmyway.org\/es\/wp-json\/wp\/v2\/categories?post=14795"},{"taxonomy":"post_tag","embeddable":true,"href":"https:\/\/churchmyway.org\/es\/wp-json\/wp\/v2\/tags?post=14795"}],"curies":[{"name":"wp","href":"https:\/\/api.w.org\/{rel}","templated":true}]}}