{"id":14805,"date":"2025-07-12T21:02:16","date_gmt":"2025-07-13T01:02:16","guid":{"rendered":"https:\/\/churchmyway.org\/el-papa-francisco-promueve-a-las-mujeres-mas-puestos-de-responsabilidad-para-ellas-en-la-iglesia\/"},"modified":"2025-12-25T23:32:17","modified_gmt":"2025-12-25T23:32:17","slug":"papa-francisco-promueve-mujeres-mas-puestos","status":"publish","type":"post","link":"https:\/\/churchmyway.org\/es\/papa-francisco-promueve-mujeres-mas-puestos\/","title":{"rendered":"El Papa Francisco promueve a las mujeres: &#8220;M\u00e1s puestos de responsabilidad para ellas en la Iglesia&#8221;"},"content":{"rendered":"<h2>El Papa Francisco promueve a las mujeres: &#8220;M\u00e1s puestos de responsabilidad para ellas en la Iglesia&#8221;<br \/>\n<\/h2>\n<p><img decoding=\"async\" src=\"https:\/\/churchmyway.org\/wp-content\/uploads\/2022\/07\/Pope-Francis-promotes-women-More-positions-of-responsibility-for-them.jpg\" alt=\"\" title=\"\"><br \/>El Papa Francisco, durante el \u00c1ngelus de hoy en la Plaza de San Pedro, rez\u00f3 para que &#8220;los fieles laicos, especialmente las mujeres, participen m\u00e1s en las instituciones de responsabilidad de la Iglesia:&#8221; Debemos promover la integraci\u00f3n de las mujeres en los lugares donde se toman las decisiones importantes&#8221;.<br \/>Sigue leyendo<\/p>\n<h2>Un Camino Hist\u00f3rico: Contexto y Precedentes del Debate<\/h2>\n<p>La declaraci\u00f3n del Papa Francisco no surge en un vac\u00edo, sino que es el cap\u00edtulo m\u00e1s reciente de un di\u00e1logo teol\u00f3gico y pastoral de d\u00e9cadas. Para comprender su verdadero alcance, es esencial mirar hacia atr\u00e1s. El Concilio Vaticano II (1962-1965), con su \u00e9nfasis en el papel de los laicos en la &#8220;Lumen Gentium&#8221;, abri\u00f3 una puerta significativa. Sin embargo, la implementaci\u00f3n concreta de una mayor participaci\u00f3n femenina ha sido lenta y desigual en las distintas iglesias locales alrededor del mundo. Figuras como santa Catalina de Siena, doctora de la Iglesia en el siglo XIV, o santa Teresa de \u00c1vila, son frecuentemente citadas como ejemplos hist\u00f3ricos de una influencia teol\u00f3gica y de gobierno femenina profunda, aunque fuera de las estructuras formales de poder. El pontificado de Francisco ha dado pasos tangibles previos: el establecimiento de una Comisi\u00f3n de Estudio sobre el Diaconado Femenino en 2016, el nombramiento de mujeres como subsecretarias de dicasterios (como en el Dicasterio para los Laicos, la Familia y la Vida o el Dicasterio para la Cultura y la Educaci\u00f3n), y la modificaci\u00f3n del C\u00f3digo de Derecho Can\u00f3nico en 2021 para permitir expl\u00edcitamente que las mujeres sirvan como lectores, ac\u00f3litos y ministras de la comuni\u00f3n de manera institucional. Cada uno de estos movimientos ha sido un ladrillo en el camino que hoy pide acelerar.<\/p>\n<h3>Perspectivas Expertas: Entre la Teolog\u00eda y la Pragm\u00e1tica<\/h3>\n<p>Te\u00f3logos y soci\u00f3logos de la religi\u00f3n ofrecen an\u00e1lisis matizados sobre este proceso. La Dra. Mar\u00eda Clara Bingemer, te\u00f3loga brasile\u00f1a, subraya que la cuesti\u00f3n no es simplemente &#8220;ocupar un lugar&#8221;, sino transformar la naturaleza de esos lugares de responsabilidad con una perspectiva femenina que aporta una &#8220;capacidad de escucha, acogida y cuidado de la vida en su cotidianidad&#8221;. Desde un \u00e1ngulo m\u00e1s estructural, expertos en gobierno eclesial como Massimo Faggioli se\u00f1alan que la inclusi\u00f3n de mujeres en puestos de alta responsabilidad (por ejemplo, como jefas de dicasterios, con derecho a voto en s\u00ednodos, o en roles de gobierno diocesano) no es una concesi\u00f3n, sino una necesidad para la salud institucional de la Iglesia. Argumentan que la ausencia de la mitad del pueblo de Dios en los espacios donde se discuten temas que les afectan directamente \u2013como la familia, la educaci\u00f3n, la sexualidad o la lucha contra los abusos\u2013 debilita la credibilidad y la eficacia de las decisiones. El consejo un\u00e1nime de estos expertos es leer las palabras del Papa no como un deseo vago, sino como un mandato operativo para una reforma administrativa y sinodal profunda.<\/p>\n<h2>Errores Comunes en la Interpretaci\u00f3n y Aplicaci\u00f3n<\/h2>\n<p>Al impulsar esta integraci\u00f3n, es crucial evitar ciertos escollos. Un error frecuente es confundir &#8220;puestos de responsabilidad&#8221; \u00fanicamente con roles lit\u00fargicos o cercanos al altar, lo que reduce el debate a la cuesti\u00f3n del sacerdocio ordenado. El llamado de Francisco es mucho m\u00e1s amplio y se refiere a la gobernanza, la toma de decisiones econ\u00f3micas, la formaci\u00f3n teol\u00f3gica, el derecho can\u00f3nico y la diplomacia vaticana. Otro malentendido es la &#8220;tokenizaci\u00f3n&#8221;, es decir, nombrar a una mujer de manera simb\u00f3lica en un equipo directivo sin darle una voz real, presupuesto o autoridad. Esto genera frustraci\u00f3n y desgasta el proceso. Finalmente, existe el riesgo del &#8220;centralismo romano&#8221;: pensar que el cambio debe venir solo desde el Vatic\u00e1n. La exhortaci\u00f3n del Papa est\u00e1 dirigida a todas las instituciones de la Iglesia, lo que incluye di\u00f3cesis, parroquias, conferencias episcopales, universidades y escuelas. La falta de iniciativa a nivel local, esperando directivas ultra-detalladas desde Roma, es un obst\u00e1culo pr\u00e1ctico enorme.<\/p>\n<h3>Consejos Pr\u00e1cticos para una Implementaci\u00f3n Efectiva<\/h3>\n<p>Para traducir el deseo del Papa en realidad, se pueden considerar acciones concretas a distintos niveles. A nivel parroquial y diocesano:<\/p>\n<ul>\n<li><strong>Auditor\u00edas de participaci\u00f3n:<\/strong> Realizar un diagn\u00f3stico honesto de qu\u00e9 puestos de consejos pastorales, econ\u00f3micos y de catequesis est\u00e1n ocupados actualmente por mujeres y con qu\u00e9 nivel de influencia.<\/li>\n<li><strong>Planificaci\u00f3n formativa:<\/strong> Crear programas de liderazgo y formaci\u00f3n en teolog\u00eda, derecho can\u00f3nico y administraci\u00f3n eclesial espec\u00edficamente dirigidos a mujeres laicas, identificando y nutriendo el talento.<\/li>\n<li><strong>Cuotas como herramienta transitoria:<\/strong> Establecer objetivos m\u00ednimos de representaci\u00f3n femenina en todos los consejos consultivos, no como un fin, sino como un mecanismo para romper inercias y garantizar que la voz femenina est\u00e9 presente en la mesa.<\/li>\n<li><strong>Revisi\u00f3n de procesos de nombramiento:<\/strong> Hacer p\u00fablicos y transparentes los criterios para ocupar puestos de responsabilidad, asegurando que las convocatorias lleguen a redes femeninas profesionales y acad\u00e9micas.<\/li>\n<\/ul>\n<p>A nivel de la Curia Romana y organismos internacionales, el paso m\u00e1s significativo ser\u00eda la apertura de los cargos de liderazgo de los Dicasterios (equivalente a ministerios) a personas laicas, lo que permitir\u00eda legal y naturalmente el nombramiento de mujeres cualificadas como Prefectas o Secretarias, con plena autoridad.<\/p>\n<h2>Datos Curiosos y Se\u00f1ales de un Cambio en Marcha<\/h2>\n<p>M\u00e1s all\u00e1 de los grandes titulares, hay indicadores sutiles y datos curiosos que muestran una lenta transformaci\u00f3n. Por ejemplo, en 2023, por primera vez en la historia, el n\u00famero de mujeres embajadoras acreditadas ante la Santa Sede super\u00f3 al de hombres embajadores. Esto significa que la diplomacia papal interact\u00faa diariamente con una mayor\u00eda de representantes mujeres de otros estados. En el \u00e1mbito acad\u00e9mico, facultades de teolog\u00eda en Europa y Am\u00e9rica tienen, en muchos casos, un cuerpo estudiantil mayoritariamente femenino, creando una base de conocimiento y expertise sin precedentes. Un dato frecuentemente pasado<\/p>\n<p><!-- Last Updated Notice --><\/p>\n<p style=\"margin-top: 30px; padding: 12px 16px; background: #f0f7ff; border-left: 3px solid #2196F3; border-radius: 4px; font-size: 14px; color: #555;\">\n<em>\ud83d\udcc5 Last updated: 20.12.2025<\/em>\n<\/p>\n<p><!-- FAQ Section --><\/p>\n<div class=\"faq-section\" style=\"margin-top: 40px; padding: 25px; background: linear-gradient(135deg, #f5f7fa 0%, #e4e8ec 100%); border-radius: 12px; border-left: 4px solid #2196F3;\">\n<h2 style=\"color: #1976D2; margin-bottom: 20px;\">\u2753 Frequently Asked Questions<\/h2>\n<div class=\"faq-item\" style=\"margin-bottom: 20px; padding: 15px; background: white; border-radius: 8px; box-shadow: 0 2px 4px rgba(0,0,0,0.1);\">\n<h3 style=\"color: #333; margin-bottom: 10px; font-size: 18px;\">\ud83d\udcac \u00bfQu\u00e9 ha dicho el Papa Francisco sobre las mujeres en la Iglesia?<\/h3>\n<p style=\"color: #555; line-height: 1.6; margin: 0;\">El Papa Francisco ha pedido espec\u00edficamente que haya &#8220;m\u00e1s puestos de responsabilidad para las mujeres en la Iglesia&#8221;. Durante un \u00c1ngelus, rez\u00f3 para que los fieles laicos, especialmente las mujeres, participen m\u00e1s en las instituciones donde se toman las decisiones importantes, promoviendo su integraci\u00f3n.<\/p>\n<\/div>\n<div class=\"faq-item\" style=\"margin-bottom: 20px; padding: 15px; background: white; border-radius: 8px; box-shadow: 0 2px 4px rgba(0,0,0,0.1);\">\n<h3 style=\"color: #333; margin-bottom: 10px; font-size: 18px;\">\ud83d\udcac \u00bfQu\u00e9 acciones ha tomado el Papa Francisco para promover a las mujeres?<\/h3>\n<p style=\"color: #555; line-height: 1.6; margin: 0;\">Su pontificado ha dado pasos tangibles, como el establecimiento de una Comisi\u00f3n de Estudio sobre el Diaconado Femenino en 2016 y el nombramiento de mujeres en cargos de alto nivel dentro de la Curia Romana, por ejemplo, como subsecretarias de dicasterios.<\/p>\n<\/div>\n<div class=\"faq-item\" style=\"margin-bottom: 20px; padding: 15px; background: white; border-radius: 8px; box-shadow: 0 2px 4px rgba(0,0,0,0.1);\">\n<h3 style=\"color: #333; margin-bottom: 10px; font-size: 18px;\">\ud83d\udcac \u00bfHa habido mujeres con influencia en la Iglesia Cat\u00f3lica antes?<\/h3>\n<p style=\"color: #555; line-height: 1.6; margin: 0;\">S\u00ed, hist\u00f3ricamente ha habido mujeres con gran influencia teol\u00f3gica y de gobierno, como santa Catalina de Siena y santa Teresa de \u00c1vila, doctoras de la Iglesia. Sin embargo, su influencia a menudo se ejerci\u00f3 fuera de las estructuras formales de poder, a diferencia de los cargos institucionales que se discuten hoy.<\/p>\n<\/div>\n<\/div>\n<p><!-- End FAQ Section --><\/p>\n<p><!-- FAQ Schema for SEO --><br \/>\n<script type=\"application\/ld+json\">\n{\n  \"@context\": \"https:\/\/schema.org\",\n  \"@type\": \"FAQPage\",\n  \"mainEntity\": [\n    {\n      \"@type\": \"Question\",\n      \"name\": \"\u00bfQu\u00e9 ha dicho el Papa Francisco sobre las mujeres en la Iglesia?\",\n      \"acceptedAnswer\": {\n        \"@type\": \"Answer\",\n        \"text\": \"El Papa Francisco ha pedido espec\u00edficamente que haya \\\"m\u00e1s puestos de responsabilidad para las mujeres en la Iglesia\\\". Durante un \u00c1ngelus, rez\u00f3 para que los fieles laicos, especialmente las mujeres, participen m\u00e1s en las instituciones donde se toman las decisiones importantes, promoviendo su integraci\u00f3n.\"\n      }\n    },\n    {\n      \"@type\": \"Question\",\n      \"name\": \"\u00bfQu\u00e9 acciones ha tomado el Papa Francisco para promover a las mujeres?\",\n      \"acceptedAnswer\": {\n        \"@type\": \"Answer\",\n        \"text\": \"Su pontificado ha dado pasos tangibles, como el establecimiento de una Comisi\u00f3n de Estudio sobre el Diaconado Femenino en 2016 y el nombramiento de mujeres en cargos de alto nivel dentro de la Curia Romana, por ejemplo, como subsecretarias de dicasterios.\"\n      }\n    },\n    {\n      \"@type\": \"Question\",\n      \"name\": \"\u00bfHa habido mujeres con influencia en la Iglesia Cat\u00f3lica antes?\",\n      \"acceptedAnswer\": {\n        \"@type\": \"Answer\",\n        \"text\": \"S\u00ed, hist\u00f3ricamente ha habido mujeres con gran influencia teol\u00f3gica y de gobierno, como santa Catalina de Siena y santa Teresa de \u00c1vila, doctoras de la Iglesia. Sin embargo, su influencia a menudo se ejerci\u00f3 fuera de las estructuras formales de poder, a diferencia de los cargos institucionales que se discuten hoy.\"\n      }\n    }\n  ]\n}\n<\/script><\/p>\n","protected":false},"excerpt":{"rendered":"<p>El Papa Francisco promueve a las mujeres: &#8220;M\u00e1s puestos de responsabilidad para ellas en la Iglesia&#8221; El Papa Francisco, durante el \u00c1ngelus de hoy en la Plaza de San Pedro,<\/p>\n","protected":false},"author":1,"featured_media":4708,"comment_status":"closed","ping_status":"open","sticky":false,"template":"","format":"standard","meta":{"footnotes":""},"categories":[14],"tags":[],"class_list":["post-14805","post","type-post","status-publish","format-standard","has-post-thumbnail","hentry","category-church-news","generate-columns","tablet-grid-50","mobile-grid-100","grid-parent","grid-50","no-featured-image-padding"],"_links":{"self":[{"href":"https:\/\/churchmyway.org\/es\/wp-json\/wp\/v2\/posts\/14805","targetHints":{"allow":["GET"]}}],"collection":[{"href":"https:\/\/churchmyway.org\/es\/wp-json\/wp\/v2\/posts"}],"about":[{"href":"https:\/\/churchmyway.org\/es\/wp-json\/wp\/v2\/types\/post"}],"author":[{"embeddable":true,"href":"https:\/\/churchmyway.org\/es\/wp-json\/wp\/v2\/users\/1"}],"replies":[{"embeddable":true,"href":"https:\/\/churchmyway.org\/es\/wp-json\/wp\/v2\/comments?post=14805"}],"version-history":[{"count":0,"href":"https:\/\/churchmyway.org\/es\/wp-json\/wp\/v2\/posts\/14805\/revisions"}],"wp:featuredmedia":[{"embeddable":true,"href":"https:\/\/churchmyway.org\/es\/wp-json\/wp\/v2\/media\/4708"}],"wp:attachment":[{"href":"https:\/\/churchmyway.org\/es\/wp-json\/wp\/v2\/media?parent=14805"}],"wp:term":[{"taxonomy":"category","embeddable":true,"href":"https:\/\/churchmyway.org\/es\/wp-json\/wp\/v2\/categories?post=14805"},{"taxonomy":"post_tag","embeddable":true,"href":"https:\/\/churchmyway.org\/es\/wp-json\/wp\/v2\/tags?post=14805"}],"curies":[{"name":"wp","href":"https:\/\/api.w.org\/{rel}","templated":true}]}}