{"id":14828,"date":"2022-07-14T00:30:48","date_gmt":"2022-07-14T04:30:48","guid":{"rendered":"https:\/\/churchmyway.org\/minori-la-procesion-y-los-fuegos-de-santa-trofimena\/"},"modified":"2025-12-26T00:37:40","modified_gmt":"2025-12-26T00:37:40","slug":"minori-la-procesion-y-los-fuegos-de-santa-trofimena","status":"publish","type":"post","link":"https:\/\/churchmyway.org\/es\/minori-la-procesion-y-los-fuegos-de-santa-trofimena\/","title":{"rendered":"Minori, la procesi\u00f3n y los fuegos de Santa Trofimena"},"content":{"rendered":"<h2>Minori, la procesi\u00f3n y los fuegos de Santa Trofimena<br \/>\n<\/h2>\n<div id=\"entry\">\n<p>Hoy, mi\u00e9rcoles 13 de julio de 2022, Minori celebra a su santa patrona y coprotectora de la Di\u00f3cesis de Amalfi Cava de&#8217; Tirreni, antes de que Sant&#8217;Andrea fuera el \u00fanico protector de la <a href=\"https:\/\/churchmyway.org\/atrani-positano-the-return-to-santa-maria-del-bando-of-our-don-luigi\/\">Costa Amalfitana<\/a>, <strong>Santa Trofimena<\/strong>, recordando el regreso de los restos sagrados a Minori despu\u00e9s del rapto de Sicardo, con banda, procesi\u00f3n y fuegos artificiales. El culto a esta santa est\u00e1 profundamente arraigado e inmensa es la fe que todo el pueblo de Minori le profesa.<br \/>Las <strong>reliquias del cuerpo de la Santa<\/strong> todav\u00eda se conservan en la cripta de la Bas\u00edlica dedicada a ella.<br \/>Santa Trofimena, originaria de Patti (Messina), fue martirizada bajo el tir\u00e1nico gobierno y las persecuciones de Diocleciano y Maximiliano en el a\u00f1o 304.<br \/>La tradici\u00f3n hagiogr\u00e1fica la presenta como la hija de un noble que quer\u00eda casarla con alguien de su mismo rango y, al no conseguirlo, la hiri\u00f3 mortalmente.<br \/><strong>El cuerpo de la santa fue encontrado en la playa de Minori<\/strong> en una urna de m\u00e1rmol por una mujer que estaba descargando su ropa en la desembocadura del r\u00edo Reghinna Minor.<br \/>Acababa de golpear la ropa sobre el m\u00e1rmol cuando sus brazos se endurecieron; asustada, pidi\u00f3 ayuda.<br \/>Al enterarse de lo sucedido, sacerdotes amalfitanos y napolitanos y el Obispo acudieron r\u00e1pidamente al lugar porque inmediatamente se pens\u00f3 en algo sobrenatural.<br \/>Entonces se dieron cuenta de que la urna estaba grabada con versos que narraban la vida, la huida y la muerte de la Santa. As\u00ed se pens\u00f3 en llevar la urna a la Iglesia, pero la fuerza de los brazos de muchos hombres y sacerdotes no fue suficiente ni para levantarla ni para moverla.<br \/>\u201cInspirado por Dios, el obispo Pedro orden\u00f3 que hubiera dos novillas v\u00edrgenes a\u00fan no tocadas por el yugo. Tan pronto como las novillas fueron ajustadas, la urna se movi\u00f3, con tal velocidad, que parec\u00eda m\u00e1s bien que las novillas eran tiradas del mont\u00edculo que el mont\u00edculo por las novillas\u201d.<br \/>\u00a1Por eso se representan dos novillas blancas en el simulacro de Santa Trofimena!<br \/>Una <strong>segunda traslaci\u00f3n<\/strong> del cuerpo de la Santa ocurri\u00f3 en 838 bajo Sicardo, Pr\u00edncipe de Benevento, quien pretend\u00eda hacer su Iglesia m\u00e1s poderosa robando reliquias y restos de Santos.<br \/>Preocupado, el Obispo de Amalfi decidi\u00f3 transportar el cuerpo de la M\u00e1rtir a su propia iglesia catedral para ponerlo a salvo.<br \/>La <strong>tercera traslaci\u00f3n<\/strong> de las sagradas reliquias lleg\u00f3 de Amalfi a Benevento y luego, una cuarta de Benevento a Minori por intercesi\u00f3n de Orso, obispo de Benevento, y de Pietro II, obispo de Amalfi.<\/p>\n<div class=\"photo-inside-post \"><img decoding=\"async\" src=\"https:\/\/churchmyway.org\/wp-content\/uploads\/2022\/07\/Minori-the-procession-and-the-fires-of-Santa-Trofimena.jpg\" alt=\"Fuegos artificiales para Santa Trofimena\" title=\"\"><\/div>\n<p><em>(foto y v\u00eddeo de Valeria Civale)<\/em><\/p>\n<div class=\"row thumb gallery\">\n<header class=\"row\"><span class=\"counting\"><span class=\"album-show\"><\/span> de 15<\/span><\/p>\n<h4>Galer\u00eda de fotos<span>La devoci\u00f3n de Minori a la patrona Santa Trofimena<\/span><\/h4>\n<\/header>\n<\/div>\n<\/p><\/div>\n<p>  window.fbAsyncInit = function() {<br \/>\n    FB.init({<br \/>\n      appId      : &#8216;263662657500055&#8217;,<br \/>\n      xfbml      : true,<br \/>\n      version    : &#8216;v3.0&#8217;<br \/>\n    });<br \/>\n  };<\/p>\n<p>  (function(d, s, id){<br \/>\n     var js, fjs = d.getElementsByTagName(s)[0];<br \/>\n     if (d.getElementById(id)) {return;}<br \/>\n     js = d.createElement(s); js.id = id;<br \/>\n     js.src = &#8221;<br \/>\n     fjs.parentNode.insertBefore(js, fjs);<br \/>\n   }(document, &#8216;script&#8217;, &#8216;facebook-jssdk&#8217;));<\/p>\n<h2>Viviendo la Festa: Consejos y Curiosidades para el Visitante<\/h2>\n<p>Asistir a la celebraci\u00f3n de Santa Trofimena es una experiencia inmersiva que va m\u00e1s all\u00e1 de la observaci\u00f3n pasiva. Para el viajero que desea integrarse respetuosamente y captar la esencia profunda de la fiesta, comprender algunos detalles pr\u00e1cticos y sustratos culturales enriquecer\u00e1 enormemente la vivencia.<\/p>\n<h3>Planificaci\u00f3n y Etiqueta Pr\u00e1ctica<\/h3>\n<p>Un error com\u00fan es subestimar la log\u00edstica. Minori, aunque acogedor, tiene un centro hist\u00f3rico de calles estrechas. El d\u00eda 13 de julio, especialmente a \u00faltima hora de la tarde, estas v\u00edas se colman de fieles y visitantes. Se recomienda alojarse en Minori o en un pueblo cercano como Maiori o Atrani, y llegar con varias horas de antelaci\u00f3n si se viene desde m\u00e1s lejos. El estacionamiento en la costa ese d\u00eda es una proeza casi milagrosa, por lo que confiar en el transporte p\u00fablico (los autobuses SITA a lo largo de la SS163) es el consejo de los expertos. Durante la procesi\u00f3n, mant\u00e9n una actitud reverente. No es solo un espect\u00e1culo, sino un acto de fe colectivo. Col\u00f3cate en un lateral sin obstruir el paso del simulacro y, si deseas una foto, hazlo discretamente y sin flash. Los lugare\u00f1os aprecian la devoci\u00f3n silenciosa y la admiraci\u00f3n genuina.<\/p>\n<h3>El Simbolismo Profundo: M\u00e1s All\u00e1 de lo Evidente<\/h3>\n<p>La iconograf\u00eda de la festa est\u00e1 cargada de significados. Las dos novillas blancas que tiran del carro en la representaci\u00f3n no son un mero capricho narrativo. En la tradici\u00f3n campesina y mar\u00edtima, el buey o la vaca son s\u00edmbolos de fuerza paciente y sacrificio, pero tambi\u00e9n de pureza cuando son blancos. Su condici\u00f3n &#8220;virgen&#8221; (no sometida al yugo) subraya la idea de que fue una fuerza pura, no domesticada por el hombre, la elegida por la divinidad para cumplir su voluntad. Este detalle conecta el milagro con el mundo agr\u00edcola, vital para la econom\u00eda hist\u00f3rica del valle. Otro hecho interesante es el v\u00ednculo mar\u00edtimo. Santa Trofimena lleg\u00f3 por mar, y Minori siempre ha sido un pueblo de marineros. Los &#8220;fuegos artificiales&#8221; sobre el mar al final de la festividad no son solo un cierre pirot\u00e9cnico; son una ofrenda luminosa al elemento que trajo la reliquia sagrada y una petici\u00f3n simb\u00f3lica de protecci\u00f3n para los pescadores y navegantes.<\/p>\n<h3>Una Experiencia Sensorial Completa<\/h3>\n<p>Para vivir la festa como un local, debes comprometer todos los sentidos. Presta atenci\u00f3n al sonido de la banda musical que acompa\u00f1a la procesi\u00f3n: su repertorio mezcla marchas solemnes con melod\u00edas tradicionales de la Campania, creando una banda sonora emotiva y distintiva. El olor es otro componente clave: el aroma a incienso que precede al paso de la urna se mezcla con el del salitre del mar y, m\u00e1s tarde, con el caracter\u00edstico olor a p\u00f3lvora de los fuegos artificiales. Expertos en tradiciones populares sugieren que la verdadera inmersi\u00f3n culmina despu\u00e9s de la procesi\u00f3n, cuando las familias y amigos se re\u00fanen para una cena tard\u00eda. Busca un restaurante que ofrezca platos del d\u00eda: es probable que encuentres especialidades como la &#8220;scialatielli ai frutti di mare&#8221; (pasta fresca con mariscos) o el &#8220;pesce all&#8217;acqua pazza&#8221;, preparados con el pescado m\u00e1s fresco, en un ambiente de alegr\u00eda compartida y recuerdos que se renuevan, manteniendo viva la llama de la devoci\u00f3n a Santa Trofimena en la vida cotidiana.<\/p>\n<p><!-- Last Updated Notice --><\/p>\n<p style=\"margin-top: 30px; padding: 12px 16px; background: #f0f7ff; border-left: 3px solid #2196F3; border-radius: 4px; font-size: 14px; color: #555;\">\n<em>\ud83d\udcc5 Last updated: 25.12.2025<\/em>\n<\/p>\n<p><!-- FAQ Section --><\/p>\n<div class=\"faq-section\" style=\"margin-top: 40px; padding: 25px; background: linear-gradient(135deg, #f5f7fa 0%, #e4e8ec 100%); border-radius: 12px; border-left: 4px solid #2196F3;\">\n<h2 style=\"color: #1976D2; margin-bottom: 20px;\">\u2753 Frequently Asked Questions<\/h2>\n<div class=\"faq-item\" style=\"margin-bottom: 20px; padding: 15px; background: white; border-radius: 8px; box-shadow: 0 2px 4px rgba(0,0,0,0.1);\">\n<h3 style=\"color: #333; margin-bottom: 10px; font-size: 18px;\">\ud83d\udcac Who was Saint Trofimena?<\/h3>\n<p style=\"color: #555; line-height: 1.6; margin: 0;\">Saint Trofimena was a Christian martyr from Patti, Sicily, who was killed in 304 AD during the persecutions under Emperors Diocletian and Maximian. According to tradition, she was the daughter of a nobleman who fatally wounded her after she refused an arranged marriage.<\/p>\n<\/div>\n<div class=\"faq-item\" style=\"margin-bottom: 20px; padding: 15px; background: white; border-radius: 8px; box-shadow: 0 2px 4px rgba(0,0,0,0.1);\">\n<h3 style=\"color: #333; margin-bottom: 10px; font-size: 18px;\">\ud83d\udcac What is the festival of Santa Trofimena in Minori?<\/h3>\n<p style=\"color: #555; line-height: 1.6; margin: 0;\">The festival in Minori, Italy, celebrates the town&#8217;s patron saint, Santa Trofimena, with a procession, band music, and fireworks. It commemorates the return of her sacred relics to Minori after they were previously taken, and it is a deeply rooted expression of local faith.<\/p>\n<\/div>\n<div class=\"faq-item\" style=\"margin-bottom: 20px; padding: 15px; background: white; border-radius: 8px; box-shadow: 0 2px 4px rgba(0,0,0,0.1);\">\n<h3 style=\"color: #333; margin-bottom: 10px; font-size: 18px;\">\ud83d\udcac Where are the relics of Santa Trofimena kept?<\/h3>\n<p style=\"color: #555; line-height: 1.6; margin: 0;\">The relics of Santa Trofimena are preserved in the crypt of the Basilica dedicated to her in Minori. They were originally discovered in a marble urn on Minori&#8217;s beach at the mouth of the Reghinna Minor river.<\/p>\n<\/div>\n<\/div>\n<p><!-- End FAQ Section --><\/p>\n<p><!-- FAQ Schema for SEO --><br \/>\n<script type=\"application\/ld+json\">\n{\n  \"@context\": \"https:\/\/schema.org\",\n  \"@type\": \"FAQPage\",\n  \"mainEntity\": [\n    {\n      \"@type\": \"Question\",\n      \"name\": \"Who was Saint Trofimena?\",\n      \"acceptedAnswer\": {\n        \"@type\": \"Answer\",\n        \"text\": \"Saint Trofimena was a Christian martyr from Patti, Sicily, who was killed in 304 AD during the persecutions under Emperors Diocletian and Maximian. According to tradition, she was the daughter of a nobleman who fatally wounded her after she refused an arranged marriage.\"\n      }\n    },\n    {\n      \"@type\": \"Question\",\n      \"name\": \"What is the festival of Santa Trofimena in Minori?\",\n      \"acceptedAnswer\": {\n        \"@type\": \"Answer\",\n        \"text\": \"The festival in Minori, Italy, celebrates the town's patron saint, Santa Trofimena, with a procession, band music, and fireworks. It commemorates the return of her sacred relics to Minori after they were previously taken, and it is a deeply rooted expression of local faith.\"\n      }\n    },\n    {\n      \"@type\": \"Question\",\n      \"name\": \"Where are the relics of Santa Trofimena kept?\",\n      \"acceptedAnswer\": {\n        \"@type\": \"Answer\",\n        \"text\": \"The relics of Santa Trofimena are preserved in the crypt of the Basilica dedicated to her in Minori. They were originally discovered in a marble urn on Minori's beach at the mouth of the Reghinna Minor river.\"\n      }\n    }\n  ]\n}\n<\/script><\/p>\n","protected":false},"excerpt":{"rendered":"<p>Minori, la procesi\u00f3n y los fuegos de Santa Trofimena Hoy, mi\u00e9rcoles 13 de julio de 2022, Minori celebra a su santa patrona y coprotectora de la Di\u00f3cesis de Amalfi Cava<\/p>\n","protected":false},"author":1,"featured_media":4599,"comment_status":"closed","ping_status":"open","sticky":false,"template":"","format":"standard","meta":{"footnotes":""},"categories":[14],"tags":[1643,1562,1360,1312,1620],"class_list":["post-14828","post","type-post","status-publish","format-standard","has-post-thumbnail","hentry","category-church-news","tag-fires","tag-minori","tag-procession","tag-santa","tag-trofimena","generate-columns","tablet-grid-50","mobile-grid-100","grid-parent","grid-50","no-featured-image-padding"],"_links":{"self":[{"href":"https:\/\/churchmyway.org\/es\/wp-json\/wp\/v2\/posts\/14828","targetHints":{"allow":["GET"]}}],"collection":[{"href":"https:\/\/churchmyway.org\/es\/wp-json\/wp\/v2\/posts"}],"about":[{"href":"https:\/\/churchmyway.org\/es\/wp-json\/wp\/v2\/types\/post"}],"author":[{"embeddable":true,"href":"https:\/\/churchmyway.org\/es\/wp-json\/wp\/v2\/users\/1"}],"replies":[{"embeddable":true,"href":"https:\/\/churchmyway.org\/es\/wp-json\/wp\/v2\/comments?post=14828"}],"version-history":[{"count":2,"href":"https:\/\/churchmyway.org\/es\/wp-json\/wp\/v2\/posts\/14828\/revisions"}],"predecessor-version":[{"id":14837,"href":"https:\/\/churchmyway.org\/es\/wp-json\/wp\/v2\/posts\/14828\/revisions\/14837"}],"wp:featuredmedia":[{"embeddable":true,"href":"https:\/\/churchmyway.org\/es\/wp-json\/wp\/v2\/media\/4599"}],"wp:attachment":[{"href":"https:\/\/churchmyway.org\/es\/wp-json\/wp\/v2\/media?parent=14828"}],"wp:term":[{"taxonomy":"category","embeddable":true,"href":"https:\/\/churchmyway.org\/es\/wp-json\/wp\/v2\/categories?post=14828"},{"taxonomy":"post_tag","embeddable":true,"href":"https:\/\/churchmyway.org\/es\/wp-json\/wp\/v2\/tags?post=14828"}],"curies":[{"name":"wp","href":"https:\/\/api.w.org\/{rel}","templated":true}]}}