{"id":14871,"date":"2025-07-14T08:01:48","date_gmt":"2025-07-14T12:01:48","guid":{"rendered":"https:\/\/churchmyway.org\/celebran-los-amish-la-navidad\/"},"modified":"2025-12-21T16:19:22","modified_gmt":"2025-12-21T16:19:22","slug":"celebran-los-amish-la-navidad","status":"publish","type":"post","link":"https:\/\/churchmyway.org\/es\/celebran-los-amish-la-navidad\/","title":{"rendered":"\u00bfCelebran los Amish la Navidad?"},"content":{"rendered":"<h2>\u00bfCelebran los Amish la Navidad?<\/h2>\n<p>Los Amish no celebran la Navidad en el sentido tradicional. No ponen \u00e1rboles de Navidad, intercambian regalos ni decoran sus hogares. Sin embargo, s\u00ed celebran el nacimiento de Jesucristo y usan la temporada como una oportunidad para reflexionar sobre Su vida y ense\u00f1anzas. Muchas familias Amish asisten a servicios religiosos y cantan villancicos juntos. Algunas <a title=\"\u00bfQu\u00e9 son las comunidades Amish negras?\" href=\"https:\/\/churchmyway.org\/what-are-the-black-amish-communities\/\">comunidades Amish<\/a> celebran eventos especiales como conciertos u obras de teatro durante la temporada navide\u00f1a.<\/p>\n<h2>\u00bfCelebran los Amish la Navidad o la Pascua?<\/h2>\n<p>No, <a title=\"Amish vs Mennonite: What\u2019s the Difference?\" href=\"https:\/\/churchmyway.org\/amish-vs-mennonite-whats-the-difference\/\" target=\"_blank\" rel=\"noopener\">los Amish<\/a> no celebran la Navidad ni la Pascua. Los Amish creen que estas festividades se han vuelto demasiado comercializadas y ya no tienen un significado religioso. En cambio, los Amish celebran sus propias festividades a lo largo del a\u00f1o, las cuales se basan en <a title=\"What does the Bible have to say about superstitions?\" href=\"https:\/\/churchmyway.org\/what-does-the-bible-have-to-say-about-superstitions\/\">eventos religiosos de la Biblia<\/a>.<\/p>\n<h2>\u00bfCelebran los Menonitas la Navidad?<\/h2>\n<p>La respuesta es tanto s\u00ed como no. Mientras que algunos menonitas s\u00ed celebran la Navidad, otros no. Las razones para esto var\u00edan de persona a persona, pero generalmente se basan en creencias religiosas. Algunos menonitas creen que la festividad se ha vuelto demasiado comercializada, mientras que otros simplemente no creen en los aspectos religiosos de la festividad. La Navidad sigue siendo un momento muy importante para muchos menonitas, incluso si no la <a title=\"Positano se prepara para celebrar al santo patr\u00f3n San Vito seg\u00fan la tradici\u00f3n despu\u00e9s de dos a\u00f1os de pandemia\" href=\"https:\/\/churchmyway.org\/positano-is-preparing-to-celebrate-the-patron\/\">celebran en el sentido tradicional<\/a>.<\/p>\n<p><img decoding=\"async\" class=\"fr-fic fr-dii fr-draggable\" src=\"https:\/\/upload.wikimedia.org\/wikipedia\/commons\/thumb\/3\/3b\/Father_Frost_and_Family_%285402389976%29.jpg\/1280px-Father_Frost_and_Family_%285402389976%29.jpg\" alt=\"\u00bfpor qu\u00e9 los amish celebran la navidad el 6 de enero?\" width=\"700\" title=\"\"><\/p>\n<h2>\u00bfPor qu\u00e9 celebran los Amish la Navidad el 6 de enero?<\/h2>\n<p>Los Amish celebran <a title=\"\u00bfEs la Navidad en diciembre por una fiesta pagana?\" href=\"https:\/\/churchmyway.org\/is-christmas-in-december-because-of-pagan-holiday\/\">la Navidad en diciembre<\/a> el 25, pero los regalos no se intercambian hasta el 6 de enero. Esto se debe a que creen que los Reyes Magos llevaron los regalos a Jes\u00fas ese d\u00eda.<\/p>\n<h2>\u00bfCelebran las familias Amish la Navidad?<\/h2>\n<p>S\u00ed, las familias Amish celebran la Navidad. Sin embargo, no la celebran de la misma manera que la mayor\u00eda de los dem\u00e1s estadounidenses. Por ejemplo, no colocan \u00e1rboles de Navidad ni intercambian regalos. En su lugar, suelen pasar tiempo con <a title=\"Thomas Haden Church: La vida \u00e9pica del actor que estuvo en Friends, Stranger Things, Modern Family y m\u00e1s\" href=\"https:\/\/churchmyway.org\/thomas-haden-church-the-epic-life-of-the-actor\/\">familiares y amigos, asisten a servicios religiosos<\/a> y disfrutan de una comida especial juntos.<\/p>\n<p><img decoding=\"async\" class=\"fr-fic fr-dii fr-draggable\" src=\"https:\/\/live.staticflickr.com\/65535\/50656845656_4526ee5bf2_b.jpg\" alt=\"\u00bfcelebran los amish el d\u00eda de acci\u00f3n de gracias y la navidad?\" width=\"700\" title=\"\"><\/p>\n<h2>\u00bfCelebran los Amish el D\u00eda de Acci\u00f3n de Gracias y la Navidad?<\/h2>\n<p>No, los Amish no celebran el D\u00eda de Acci\u00f3n de Gracias ni la Navidad. Los Amish creen que estas festividades son demasiado mundanas y se centran demasiado en el materialismo. En su lugar, los Amish celebran sus propias festividades que se basan en eventos religiosos de la <a title=\"\u00bfQu\u00e9 dice la Biblia sobre la restituci\u00f3n y cu\u00e1ndo debe hacerse?\" href=\"https:\/\/churchmyway.org\/what-does-the-bible-say-about-restitution\/\">Biblia<\/a>.<\/p>\n<h2>\u00bf<a href=\"https:\/\/churchmyway.org\/the-untold-story-of-black-amish-people-and-history\/\">Creen los Amish<\/a> en la Navidad?<\/h2>\n<p>Los Amish s\u00ed celebran la Navidad, pero no creen en muchas de las costumbres y tradiciones que se han asociado con la festividad. Por ejemplo, no decoran \u00e1rboles de Navidad, intercambian regalos ni env\u00edan tarjetas de Navidad. En cambio, el enfoque de sus celebraciones est\u00e1 en <a title=\"The Origins of Christianity: A Brief History of Christianity and its Relation to Judaism\" href=\"https:\/\/churchmyway.org\/the-origins-of-christianity-and-history\/\">Jesucristo<\/a> y su nacimiento. Muchas familias Amish asisten a un servicio religioso especial en Nochebuena y luego se re\u00fanen para una gran cena familiar.<\/p>\n<p><!-- Last Updated Notice --><\/p>\n<p style=\"margin-top: 30px; padding: 12px 16px; background: #f0f7ff; border-left: 3px solid #2196F3; border-radius: 4px; font-size: 14px; color: #555;\">\n<em>\ud83d\udcc5 Last updated: 20.12.2025<\/em>\n<\/p>\n<p><!-- FAQ Section --><\/p>\n<div class=\"faq-section\" style=\"margin-top: 40px; padding: 25px; background: linear-gradient(135deg, #f5f7fa 0%, #e4e8ec 100%); border-radius: 12px; border-left: 4px solid #2196F3;\">\n<h2 style=\"color: #1976D2; margin-bottom: 20px; font-size: 24px;\">\u2753 Frequently Asked Questions<\/h2>\n<div class=\"faq-item\" style=\"margin-bottom: 20px; padding: 18px; background: white; border-radius: 8px; box-shadow: 0 2px 8px rgba(0,0,0,0.08);\">\n<h3 style=\"color: #333; margin-bottom: 12px; font-size: 18px; font-weight: 600;\">\ud83d\udcac \u00bfLos Amish celebran la Navidad?<\/h3>\n<p style=\"color: #555; line-height: 1.7; margin: 0; font-size: 16px;\">S\u00ed, pero no de manera tradicional. Los Amish celebran el nacimiento de Jesucristo asistiendo a servicios religiosos y cantando villancicos, pero evitan \u00e1rboles, regalos y decoraciones por considerarlas pr\u00e1cticas mundanas.<\/p>\n<\/div>\n<div class=\"faq-item\" style=\"margin-bottom: 20px; padding: 18px; background: white; border-radius: 8px; box-shadow: 0 2px 8px rgba(0,0,0,0.08);\">\n<h3 style=\"color: #333; margin-bottom: 12px; font-size: 18px; font-weight: 600;\">\ud83d\udcac \u00bfLos Amish celebran la Pascua?<\/h3>\n<p style=\"color: #555; line-height: 1.7; margin: 0; font-size: 16px;\">No, los Amish generalmente no celebran la Pascua. Creen que tanto la Navidad como la Pascua se han vuelto demasiado comercializadas y han perdido su significado religioso original, prefiriendo en cambio sus propias festividades basadas en la Biblia.<\/p>\n<\/div>\n<div class=\"faq-item\" style=\"margin-bottom: 20px; padding: 18px; background: white; border-radius: 8px; box-shadow: 0 2px 8px rgba(0,0,0,0.08);\">\n<h3 style=\"color: #333; margin-bottom: 12px; font-size: 18px; font-weight: 600;\">\ud83d\udcac \u00bfLos Menonitas celebran la Navidad?<\/h3>\n<p style=\"color: #555; line-height: 1.7; margin: 0; font-size: 16px;\">Depende de la comunidad y el individuo. Algunos menonitas s\u00ed celebran, mientras que otros no, a menudo bas\u00e1ndose en si creen que la festividad se ha comercializado demasiado o en sus creencias religiosas personales sobre la celebraci\u00f3n.<\/p>\n<\/div>\n<div class=\"faq-item\" style=\"margin-bottom: 20px; padding: 18px; background: white; border-radius: 8px; box-shadow: 0 2px 8px rgba(0,0,0,0.08);\">\n<h3 style=\"color: #333; margin-bottom: 12px; font-size: 18px; font-weight: 600;\">\ud83d\udcac \u00bfC\u00f3mo celebran los Amish la Navidad?<\/h3>\n<p style=\"color: #555; line-height: 1.7; margin: 0; font-size: 16px;\">Su celebraci\u00f3n es austera y centrada en lo religioso. Pasan el d\u00eda en reflexi\u00f3n sobre la vida de Jes\u00fas, asistiendo a servicios especiales en sus comunidades y cantando himnos o villancicos juntos en familia.<\/p>\n<\/div>\n<\/div>\n<p><!-- End FAQ Section --><\/p>\n<p><!-- FAQ Schema for SEO --><br \/>\n<script type=\"application\/ld+json\">\n{\n  \"@context\": \"https:\/\/schema.org\",\n  \"@type\": \"FAQPage\",\n  \"mainEntity\": [\n    {\n      \"@type\": \"Question\",\n      \"name\": \"\u00bfLos Amish celebran la Navidad?\",\n      \"acceptedAnswer\": {\n        \"@type\": \"Answer\",\n        \"text\": \"S\u00ed, pero no de manera tradicional. Los Amish celebran el nacimiento de Jesucristo asistiendo a servicios religiosos y cantando villancicos, pero evitan \u00e1rboles, regalos y decoraciones por considerarlas pr\u00e1cticas mundanas.\"\n      }\n    },\n    {\n      \"@type\": \"Question\",\n      \"name\": \"\u00bfLos Amish celebran la Pascua?\",\n      \"acceptedAnswer\": {\n        \"@type\": \"Answer\",\n        \"text\": \"No, los Amish generalmente no celebran la Pascua. Creen que tanto la Navidad como la Pascua se han vuelto demasiado comercializadas y han perdido su significado religioso original, prefiriendo en cambio sus propias festividades basadas en la Biblia.\"\n      }\n    },\n    {\n      \"@type\": \"Question\",\n      \"name\": \"\u00bfLos Menonitas celebran la Navidad?\",\n      \"acceptedAnswer\": {\n        \"@type\": \"Answer\",\n        \"text\": \"Depende de la comunidad y el individuo. Algunos menonitas s\u00ed celebran, mientras que otros no, a menudo bas\u00e1ndose en si creen que la festividad se ha comercializado demasiado o en sus creencias religiosas personales sobre la celebraci\u00f3n.\"\n      }\n    },\n    {\n      \"@type\": \"Question\",\n      \"name\": \"\u00bfC\u00f3mo celebran los Amish la Navidad?\",\n      \"acceptedAnswer\": {\n        \"@type\": \"Answer\",\n        \"text\": \"Su celebraci\u00f3n es austera y centrada en lo religioso. Pasan el d\u00eda en reflexi\u00f3n sobre la vida de Jes\u00fas, asistiendo a servicios especiales en sus comunidades y cantando himnos o villancicos juntos en familia.\"\n      }\n    }\n  ]\n}\n<\/script><\/p>\n<p><!-- Related Articles --><\/p>\n<div class=\"related-articles\" style=\"margin-top: 40px; padding: 25px; background: linear-gradient(135deg, #e8f5e9 0%, #c8e6c9 100%); border-radius: 12px; border-left: 4px solid #4CAF50;\">\n<h2 style=\"color: #2E7D32; margin-bottom: 20px; font-size: 24px;\">\ud83d\udcda Related Articles You Might Enjoy<\/h2>\n<ul style=\"list-style: none; padding: 0; margin: 0;\">\n<li style=\"margin-bottom: 12px; padding: 12px 15px; background: white; border-radius: 8px; box-shadow: 0 2px 4px rgba(0,0,0,0.05);\">\n<a href=\"https:\/\/churchmyway.org\/comprendiendo-a-los-amish-y-sus-contrapartes-religiosas\/\" style=\"color: #1976D2; text-decoration: none; font-weight: 500; font-size: 16px;\">\u279c Comprendiendo a los Amish y sus Contrapartes Religiosas<\/a>\n<\/li>\n<li style=\"margin-bottom: 12px; padding: 12px 15px; background: white; border-radius: 8px; box-shadow: 0 2px 4px rgba(0,0,0,0.05);\">\n<a href=\"https:\/\/churchmyway.org\/los-amish-negros-una-comunidad-unica-y-diversa\/\" style=\"color: #1976D2; text-decoration: none; font-weight: 500; font-size: 16px;\">\u279c Los Amish Negros: Una Comunidad \u00danica y Diversa<\/a>\n<\/li>\n<li style=\"margin-bottom: 12px; padding: 12px 15px; background: white; border-radius: 8px; box-shadow: 0 2px 4px rgba(0,0,0,0.05);\">\n<a href=\"https:\/\/churchmyway.org\/origenes-cristianismo-breve-historia-cristianismo-relacion\/\" style=\"color: #1976D2; text-decoration: none; font-weight: 500; font-size: 16px;\">\u279c Los Or\u00edgenes del Cristianismo: Una Breve Historia del Cristianismo y su Relaci\u00f3n con el Juda\u00edsmo<\/a>\n<\/li>\n<li style=\"margin-bottom: 12px; padding: 12px 15px; background: white; border-radius: 8px; box-shadow: 0 2px 4px rgba(0,0,0,0.05);\">\n<a href=\"https:\/\/churchmyway.org\/vaticano-entero-peligros-oferta-londres-afirma\/\" style=\"color: #1976D2; text-decoration: none; font-weight: 500; font-size: 16px;\">\u279c El Vaticano se enter\u00f3 de los peligros de la oferta de Londres, afirma el inversor que la gestion\u00f3<\/a>\n<\/li>\n<\/ul>\n<\/div>\n<p><!-- End Related Articles --><\/p>\n","protected":false},"excerpt":{"rendered":"<p>\u00bfCelebran los Amish la Navidad? Los Amish no celebran la Navidad en el sentido tradicional. No ponen \u00e1rboles de Navidad, intercambian regalos ni decoran sus hogares. Sin embargo, s\u00ed celebran<\/p>\n","protected":false},"author":1,"featured_media":4413,"comment_status":"closed","ping_status":"open","sticky":false,"template":"","format":"standard","meta":{"footnotes":""},"categories":[14],"tags":[143,1583],"class_list":["post-14871","post","type-post","status-publish","format-standard","has-post-thumbnail","hentry","category-church-news","tag-church-my-way","tag-do-amish-celebrate-christmas","generate-columns","tablet-grid-50","mobile-grid-100","grid-parent","grid-50","no-featured-image-padding"],"_links":{"self":[{"href":"https:\/\/churchmyway.org\/es\/wp-json\/wp\/v2\/posts\/14871","targetHints":{"allow":["GET"]}}],"collection":[{"href":"https:\/\/churchmyway.org\/es\/wp-json\/wp\/v2\/posts"}],"about":[{"href":"https:\/\/churchmyway.org\/es\/wp-json\/wp\/v2\/types\/post"}],"author":[{"embeddable":true,"href":"https:\/\/churchmyway.org\/es\/wp-json\/wp\/v2\/users\/1"}],"replies":[{"embeddable":true,"href":"https:\/\/churchmyway.org\/es\/wp-json\/wp\/v2\/comments?post=14871"}],"version-history":[{"count":1,"href":"https:\/\/churchmyway.org\/es\/wp-json\/wp\/v2\/posts\/14871\/revisions"}],"predecessor-version":[{"id":14872,"href":"https:\/\/churchmyway.org\/es\/wp-json\/wp\/v2\/posts\/14871\/revisions\/14872"}],"wp:featuredmedia":[{"embeddable":true,"href":"https:\/\/churchmyway.org\/es\/wp-json\/wp\/v2\/media\/4413"}],"wp:attachment":[{"href":"https:\/\/churchmyway.org\/es\/wp-json\/wp\/v2\/media?parent=14871"}],"wp:term":[{"taxonomy":"category","embeddable":true,"href":"https:\/\/churchmyway.org\/es\/wp-json\/wp\/v2\/categories?post=14871"},{"taxonomy":"post_tag","embeddable":true,"href":"https:\/\/churchmyway.org\/es\/wp-json\/wp\/v2\/tags?post=14871"}],"curies":[{"name":"wp","href":"https:\/\/api.w.org\/{rel}","templated":true}]}}