{"id":14873,"date":"2022-07-02T04:46:32","date_gmt":"2022-07-02T08:46:32","guid":{"rendered":"https:\/\/churchmyway.org\/positano-hoy-la-fiesta-de-la-madonna-delle-grazie\/"},"modified":"2025-12-26T00:42:28","modified_gmt":"2025-12-26T00:42:28","slug":"positano-hoy-la-fiesta-de-la-madonna-delle-grazie","status":"publish","type":"post","link":"https:\/\/churchmyway.org\/es\/positano-hoy-la-fiesta-de-la-madonna-delle-grazie\/","title":{"rendered":"Positano: hoy la fiesta de la Madonna delle Grazie"},"content":{"rendered":"<h2>Positano: hoy la fiesta de la Madonna delle Grazien<\/h2>\n<p>n<\/p>\n<div id=\"entry\">nttnnn           <\/p>\n<p>Positano: hoy la <a href=\"https:\/\/churchmyway.org\/positano-today-the-feast-of-the-madonna-delle-grazie-the-light-show-at-11-30pm-do-not-go-up-with-cars\/\">fiesta de la Madonna delle Grazie<\/a>. La fiesta en honor a la Madonna delle Grazie es, sin duda, la festividad religiosa m\u00e1s sentida por los habitantes de Montepertuso. El d\u00eda de la celebraci\u00f3n comienza con la misa matutina a las 6:30 am con la participaci\u00f3n de voluntarios de la comunidad.<br \/>Transmitimos el calendario completo de los eventos que tendr\u00e1n lugar durante el d\u00eda:<\/p>\n<p>Santas Misas a las 6:30 (con la participaci\u00f3n de voluntarios de la comunidad) &#8211; 7:30 &#8211; 9:00 &#8211; 11:00<\/p>\n<p>10:00 am: matin\u00e9 musical en el atrio de la iglesia<\/p>\n<p>7:00 pm: <a href=\"https:\/\/churchmyway.org\/positano-today-the-feast-of-the-madonna-delle-grazie-the-light-show-at-11-30pm-do-not-go-up-with-cars\/\">procesi\u00f3n de la estatua de la Madonna<\/a>, Misa solemne al aire libre<\/p>\n<p>9:00 pm: el mencionado Concierto de la Banda interpretar\u00e1 un programa selecto de m\u00fasica sinf\u00f3nica<\/p>\n<p>11:30 pm: RE-INVOCACI\u00d3N DE LA LEYENDA DE MONTEPERTUSO<\/p>\n<p>n            n            n           n        <\/p><\/div>\n<p>n  window.fbAsyncInit = function() {n    FB.init({n      appId      : &#8216;263662657500055&#8217;,n      xfbml      : true,n      version    : &#8216;v3.0&#8217;n    });n  };nn  (function(d, s, id){n     var js, fjs = d.getElementsByTagName(s)[0];n     if (d.getElementById(id)) {return;}n     js = d.createElement(s); js.id = id;n     js.src = &#8220;n     fjs.parentNode.insertBefore(js, fjs);n   }(document, &#8216;script&#8217;, &#8216;facebook-jssdk&#8217;));n<\/p>\n<h2>M\u00e1s all\u00e1 del programa: Una inmersi\u00f3n en la tradici\u00f3n y consejos pr\u00e1cticos<\/h2>\n<p>Mientras que el programa de la fiesta traza el esqueleto del d\u00eda, la verdadera esencia de la Festa della Madonna delle Grazie se encuentra en los detalles, las historias y las experiencias sensoriales que lo envuelven. Para el visitante, participar en esta celebraci\u00f3n es una oportunidad \u00fanica de conectar con el alma m\u00e1s aut\u00e9ntica de la Costa Amalfitana, lejos de las multitudes estivales. Comprender el contexto profundo y planificar con sensibilidad transformar\u00e1 una simple asistencia en un recuerdo imborrable.<\/p>\n<h3>El significado profundo de una devoci\u00f3n local<\/h3>\n<p>La devoci\u00f3n a la Madonna delle Grazie en Montepertuso no es un mero acto religioso gen\u00e9rico; es un v\u00ednculo hist\u00f3rico de gratitud y protecci\u00f3n. A diferencia de otros santuarios marianos costeros, este est\u00e1 intr\u00ednsecamente ligado a la vida agr\u00edcola y a los desaf\u00edos de una comunidad asentada en la monta\u00f1a. Durante siglos, los habitantes de Montepertuso dependieron de los cultivos en terrazas y de la cr\u00eda de animales. La Madonna era invocada no solo para la salvaci\u00f3n espiritual, sino muy concretamente para buenas cosechas, para proteger a las familias de las enfermedades y para guiar a los hombres que part\u00edan a trabajar el mar o a emigrar a tierras lejanas. La procesi\u00f3n de la estatua por las calles del pueblo no es solo un espect\u00e1culo; es un acto de reafirmaci\u00f3n comunitaria, un modo de &#8220;bendecir&#8221; los confines del pueblo y de pedir por otro a\u00f1o de gracia. La &#8220;re-invocaci\u00f3n de la leyenda&#8221; al final de la noche no es un simple fuego artificial; simboliza la perpetua victoria de la fe (representada por la Virgen) sobre las fuerzas oscuras o la incredulidad (simbolizadas en la leyenda local por el agujero en la monta\u00f1a, el &#8220;Monte Pertuso&#8221;, creado, seg\u00fan se cuenta, por su dedo).<\/p>\n<h3>Consejos pr\u00e1cticos para vivir la fiesta como un local<\/h3>\n<p>Para integrarse y disfrutar plenamente, un poco de planificaci\u00f3n es esencial. Aqu\u00ed hay recomendaciones clave que van m\u00e1s all\u00e1 de consultar el horario:<\/p>\n<ul>\n<li><strong>Vestimenta y calzado:<\/strong> Olv\u00eddese de las sandalias elegantes o los tacones. Montepertuso es un pueblo vertical, con escaleras y calles empedradas y en pendiente. Un calzado c\u00f3modo y antideslizante es obligatorio. Lleve tambi\u00e9n una capa ligera, ya que al anochecer, a esta altitud, la temperatura baja considerablemente incluso en verano.<\/li>\n<li><strong>Log\u00edstica de acceso:<\/strong> Positano estar\u00e1 congestionado. El servicio de autob\u00fas local (SITA) desde la carretera principal hacia Montepertuso estar\u00e1 saturado. Considere subir a pie por el antiguo sendero (una caminata exigente pero bell\u00edsima de unos 40-50 minutos) o reserve un taxi con mucha antelaci\u00f3n. Para bajar de noche, tenga un plan pactado de antemano; la paciencia ser\u00e1 su mayor aliada.<\/li>\n<li><strong>El arte de la mesa compartida:<\/strong> No espere encontrar restaurantes con servicio formal esa noche. La tradici\u00f3n es comer en la calle. Puestos callejeros ofrecer\u00e1n especialidades como las &#8220;zeppole&#8221; (bolas de masa frita dulces o saladas), salchichas a la parrilla, y el imprescindible &#8220;schiacciata&#8221; local. Compre algo y \u00fanase a los grupos que comen en los muros o escalones. Es un gesto de participaci\u00f3n.<\/li>\n<li><strong>Respeto durante los actos religiosos:<\/strong> Durante la misa solemne al aire libre y la procesi\u00f3n, aunque sea un espectador, mantenga una actitud respetuosa. Evite ponerse delante de los feligreses, hablar en voz alta o intentar pasar por en medio del cortejo. La procesi\u00f3n es de ellos; nosotros somos invitados de honor. Las mejores fotos se toman desde un balc\u00f3n lateral o desde atr\u00e1s, capturando la escena en su conjunto.<\/li>\n<li><strong>Presupueste tiempo extra:<\/strong> No intente encajar la fiesta en un horario apretado. El d\u00eda se desarrolla con un ritmo meridional, donde los eventos pueden empezar un poco m\u00e1s tarde de lo anunciado. D\u00e9jese llevar, pasee por las callejuelas decoradas con luminarias y altares dom\u00e9sticos, y converse con los ancianos del pueblo, quienes atesoran las an\u00e9cdotas m\u00e1s ricas.<\/li>\n<\/ul>\n<h3>Errores comunes que debe evitar<\/h3>\n<p>Algunos desaciertos pueden aislarle de la experiencia aut\u00e9ntica o generar inconvenientes:<\/p>\n<ul>\n<li><strong>Centrarse solo en el concierto y los fuegos artificiales:<\/strong> Reducir la fiesta a los eventos vespertinos es perderse su coraz\u00f3n. La magia comienza por la ma\u00f1ana, con el sonido de las campanas, el aroma del incienso mezclado con el del caf\u00e9, y la comunidad reunida en las primeras misas.<\/li>\n<li><strong>Ignorar el contexto de Montepertuso:<\/strong> Llegar, ver la procesi\u00f3n y marcharse sin entender que este pueblo fue durante siglos una entidad separada y autosuficiente de Positano (al que mira con una mezcla de orgullo y cierta rivalidad) es perderse la clave sociol\u00f3gica de la celebraci\u00f3n.<\/li>\n<li><strong>Esperar una experiencia tur\u00edstica &#8220;empaquetada&#8221;:<\/strong> No hay taquillas, ni mapas explicativos, ni gu\u00edas con banderines. La fiesta es org\u00e1nica y ca\u00f3tica. Abandone la mentalidad de consumidor y adopte la de observador participante.<\/li>\n<li><strong>Molestar por obtener la foto perfecta:<\/strong> Bloquear el paso de la procesi\u00f3n, usar flash durante los momentos solemnes o invadir el espacio personal de los participantes para un selfie es considerado de muy mala educaci\u00f3n. Disfrute primero con los ojos, luego con la c\u00e1mara, de forma discreta.<\/li>\n<\/ul>\n<h3>Una perspectiva experta: El sonido de la comunidad<\/h3>\n<p>Un music\u00f3logo local se\u00f1<\/p>\n<p><!-- Last Updated Notice --><\/p>\n<p style=\"margin-top: 30px; padding: 12px 16px; background: #f0f7ff; border-left: 3px solid #2196F3; border-radius: 4px; font-size: 14px; color: #555;\">\n<em>\ud83d\udcc5 Last updated: 22.12.2025<\/em>\n<\/p>\n<p><!-- FAQ Section --><\/p>\n<div class=\"faq-section\" style=\"margin-top: 40px; padding: 25px; background: linear-gradient(135deg, #f5f7fa 0%, #e4e8ec 100%); border-radius: 12px; border-left: 4px solid #2196F3;\">\n<h2 style=\"color: #1976D2; margin-bottom: 20px;\">\u2753 Frequently Asked Questions<\/h2>\n<div class=\"faq-item\" style=\"margin-bottom: 20px; padding: 15px; background: white; border-radius: 8px; box-shadow: 0 2px 4px rgba(0,0,0,0.1);\">\n<h3 style=\"color: #333; margin-bottom: 10px; font-size: 18px;\">\ud83d\udcac What is the schedule for the Festa della Madonna delle Grazie in Positano?<\/h3>\n<p style=\"color: #555; line-height: 1.6; margin: 0;\">The day&#8217;s events typically begin with a 6:30 AM Mass and include multiple Masses throughout the morning. Key events are a 7:00 PM procession and solemn outdoor Mass, followed by a symphonic band concert at 9:00 PM and a re-enactment of the Montepertuso legend at 11:30 PM.<\/p>\n<\/div>\n<div class=\"faq-item\" style=\"margin-bottom: 20px; padding: 15px; background: white; border-radius: 8px; box-shadow: 0 2px 4px rgba(0,0,0,0.1);\">\n<h3 style=\"color: #333; margin-bottom: 10px; font-size: 18px;\">\ud83d\udcac Where in Positano is the Festa della Madonna delle Grazie celebrated?<\/h3>\n<p style=\"color: #555; line-height: 1.6; margin: 0;\">The festival is celebrated in the hamlet of Montepertuso, which is part of Positano. The events center around the local church dedicated to the Madonna delle Grazie, including its atrium and the surrounding outdoor areas for the procession.<\/p>\n<\/div>\n<div class=\"faq-item\" style=\"margin-bottom: 20px; padding: 15px; background: white; border-radius: 8px; box-shadow: 0 2px 4px rgba(0,0,0,0.1);\">\n<h3 style=\"color: #333; margin-bottom: 10px; font-size: 18px;\">\ud83d\udcac Why is the Festa della Madonna delle Grazie important to Positano?<\/h3>\n<p style=\"color: #555; line-height: 1.6; margin: 0;\">It is the most deeply felt religious festival for the inhabitants of Montepertuso. The day combines sacred observances, like Mass and a statue procession, with cultural traditions such as music and a legendary re-enactment, embodying the community&#8217;s heritage.<\/p>\n<\/div>\n<\/div>\n<p><!-- End FAQ Section --><\/p>\n<p><!-- FAQ Schema for SEO --><br \/>\n<script type=\"application\/ld+json\">\n{\n  \"@context\": \"https:\/\/schema.org\",\n  \"@type\": \"FAQPage\",\n  \"mainEntity\": [\n    {\n      \"@type\": \"Question\",\n      \"name\": \"What is the schedule for the Festa della Madonna delle Grazie in Positano?\",\n      \"acceptedAnswer\": {\n        \"@type\": \"Answer\",\n        \"text\": \"The day's events typically begin with a 6:30 AM Mass and include multiple Masses throughout the morning. Key events are a 7:00 PM procession and solemn outdoor Mass, followed by a symphonic band concert at 9:00 PM and a re-enactment of the Montepertuso legend at 11:30 PM.\"\n      }\n    },\n    {\n      \"@type\": \"Question\",\n      \"name\": \"Where in Positano is the Festa della Madonna delle Grazie celebrated?\",\n      \"acceptedAnswer\": {\n        \"@type\": \"Answer\",\n        \"text\": \"The festival is celebrated in the hamlet of Montepertuso, which is part of Positano. The events center around the local church dedicated to the Madonna delle Grazie, including its atrium and the surrounding outdoor areas for the procession.\"\n      }\n    },\n    {\n      \"@type\": \"Question\",\n      \"name\": \"Why is the Festa della Madonna delle Grazie important to Positano?\",\n      \"acceptedAnswer\": {\n        \"@type\": \"Answer\",\n        \"text\": \"It is the most deeply felt religious festival for the inhabitants of Montepertuso. The day combines sacred observances, like Mass and a statue procession, with cultural traditions such as music and a legendary re-enactment, embodying the community's heritage.\"\n      }\n    }\n  ]\n}\n<\/script><\/p>\n","protected":false},"excerpt":{"rendered":"<p>Positano: hoy la fiesta de la Madonna delle Grazien n nttnnn Positano: hoy la fiesta de la Madonna delle Grazie. La fiesta en honor a la Madonna delle Grazie es,<\/p>\n","protected":false},"author":1,"featured_media":4200,"comment_status":"closed","ping_status":"open","sticky":false,"template":"","format":"standard","meta":{"footnotes":""},"categories":[14],"tags":[1519,1355,1520,1342,1307,1071],"class_list":["post-14873","post","type-post","status-publish","format-standard","has-post-thumbnail","hentry","category-church-news","tag-delle","tag-feast","tag-grazie","tag-madonna","tag-positano","tag-today","generate-columns","tablet-grid-50","mobile-grid-100","grid-parent","grid-50","no-featured-image-padding"],"_links":{"self":[{"href":"https:\/\/churchmyway.org\/es\/wp-json\/wp\/v2\/posts\/14873","targetHints":{"allow":["GET"]}}],"collection":[{"href":"https:\/\/churchmyway.org\/es\/wp-json\/wp\/v2\/posts"}],"about":[{"href":"https:\/\/churchmyway.org\/es\/wp-json\/wp\/v2\/types\/post"}],"author":[{"embeddable":true,"href":"https:\/\/churchmyway.org\/es\/wp-json\/wp\/v2\/users\/1"}],"replies":[{"embeddable":true,"href":"https:\/\/churchmyway.org\/es\/wp-json\/wp\/v2\/comments?post=14873"}],"version-history":[{"count":1,"href":"https:\/\/churchmyway.org\/es\/wp-json\/wp\/v2\/posts\/14873\/revisions"}],"predecessor-version":[{"id":14881,"href":"https:\/\/churchmyway.org\/es\/wp-json\/wp\/v2\/posts\/14873\/revisions\/14881"}],"wp:featuredmedia":[{"embeddable":true,"href":"https:\/\/churchmyway.org\/es\/wp-json\/wp\/v2\/media\/4200"}],"wp:attachment":[{"href":"https:\/\/churchmyway.org\/es\/wp-json\/wp\/v2\/media?parent=14873"}],"wp:term":[{"taxonomy":"category","embeddable":true,"href":"https:\/\/churchmyway.org\/es\/wp-json\/wp\/v2\/categories?post=14873"},{"taxonomy":"post_tag","embeddable":true,"href":"https:\/\/churchmyway.org\/es\/wp-json\/wp\/v2\/tags?post=14873"}],"curies":[{"name":"wp","href":"https:\/\/api.w.org\/{rel}","templated":true}]}}