{"id":14898,"date":"2022-06-27T16:14:15","date_gmt":"2022-06-27T20:14:15","guid":{"rendered":"https:\/\/churchmyway.org\/amalfi-sigismondo-nastri\/"},"modified":"2025-12-26T00:44:17","modified_gmt":"2025-12-26T00:44:17","slug":"amalfi-sigismondo-nastri","status":"publish","type":"post","link":"https:\/\/churchmyway.org\/es\/amalfi-sigismondo-nastri\/","title":{"rendered":"Amalfi, Sigismondo Nastri:"},"content":{"rendered":"<h2>Amalfi, Sigismondo Nastri: &#8220;La carrera de Sant&#8217;Andrea&#8221;<br \/>\n<\/h2>\n<div id=\"entry\">\ntt<\/p>\n<p>Amalfi, Sigismondo Nastri: \u201cLa carrera de Sant&#8217;Andrea\u201d. Aqu\u00ed est\u00e1n las palabras del periodista amalfitano Sigismondo Nastri:<\/p>\n<p><em>S\u00e9 que mi postura es impopular y que, al reiterarla, me gano enemigos. Pero estoy acostumbrado a decir siempre, sin reservas, lo que pienso. Me refiero a la oposici\u00f3n, expresada varias veces, a la carrera de la estatua del ap\u00f3stol por la larga escalinata de la catedral, porque a\u00f1o tras a\u00f1o se ha transformado en un espect\u00e1culo circense. O de estadio, si se prefiere. He recibido algunos reproches por esto, pero lo repito aqu\u00ed.<\/em><\/p>\n<p><em>Estoy en contra de los aplausos que la acompa\u00f1an; m\u00e1s a\u00fan de los que se dan en la iglesia, bajo cualquier circunstancia. Y del uso de las iglesias por razones que no son de culto.<\/em><\/p>\n<p><em>Digo m\u00e1s: creo que las procesiones son ahora ritos atemporales. Especialmente si, y cuando, se ven como una atracci\u00f3n tur\u00edstica. Esto es lo que ocurre en la <a href=\"https:\/\/churchmyway.org\/atrani-positano-the-return-to-santa-maria-del-bando-of-our-don-luigi\/\">Costa Amalfitana<\/a>. Y no solo en la Costa Amalfitana.<\/em><\/p>\n<p><em>Tambi\u00e9n me gustar\u00eda hacer una encuesta: cu\u00e1ntas personas, al entrar en una iglesia, prestan atenci\u00f3n al sagrario con Jes\u00fas en el Sant\u00edsimo Sacramento, y cu\u00e1ntas, en cambio, se detienen a tocar estatuas y figuras de santos y v\u00edrgenes. Se ha fomentado un culto a las im\u00e1genes que poco tiene que ver con la fe. Me parece una nueva forma de paganismo.<\/em><\/p>\n<p><em>Estamos perdiendo el sentido de nuestro ser cristianos, que est\u00e1 todo contenido en la muerte y resurrecci\u00f3n de Jes\u00fas, en la Eucarist\u00eda, &#8220;prenda de inmortalidad, sacramento de comuni\u00f3n con Cristo&#8221;.<\/em><\/p>\n<p><em>Las autoridades religiosas deber\u00edan ser conscientes de esto.<\/em><\/p>\n<\/p><\/div>\n<p>  window.fbAsyncInit = function() {<br \/>\n    FB.init({<br \/>\n      appId      : &#8216;263662657500055&#8217;,<br \/>\n      xfbml      : true,<br \/>\n      version    : &#8216;v3.0&#8217;<br \/>\n    });<br \/>\n  };<\/p>\n<p>  (function(d, s, id){<br \/>\n     var js, fjs = d.getElementsByTagName(s)[0];<br \/>\n     if (d.getElementById(id)) {return;}<br \/>\n     js = d.createElement(s); js.id = id;<br \/>\n     js.src = &#8221;<br \/>\n     fjs.parentNode.<\/p>\n<h2>Profundizando en la Cr\u00edtica: Tradici\u00f3n, Turismo y Autenticidad<\/h2>\n<p>La postura del periodista Sigismondo Nastri, aunque pueda parecer radical a primera vista, se enra\u00edza en un debate teol\u00f3gico y cultural de larga data. Su cr\u00edtica no es meramente al ruido o al espect\u00e1culo, sino a una sustituci\u00f3n fundamental de lo sagrado por lo profano. Este fen\u00f3meno, a menudo llamado &#8220;folklorizaci\u00f3n de la fe&#8221;, no es exclusivo de Amalfi, pero se ve exacerbado en destinos tur\u00edsticos de primer orden donde el ritual corre el riesgo de convertirse en una mera representaci\u00f3n para una audiencia externa. La tensi\u00f3n entre mantener viva una tradici\u00f3n para la comunidad y preservar su esencia sagrada frente a la comercializaci\u00f3n es un desaf\u00edo que enfrentan numerosos lugares de peregrinaci\u00f3n en el mundo.<\/p>\n<h3>La Perspectiva Hist\u00f3rica y Antropol\u00f3gica<\/h3>\n<p>Resulta fascinante contrastar la visi\u00f3n de Nastri con la antropolog\u00eda de lo religioso. Muchas tradiciones populares, incluidas las procesiones vibrantes y f\u00edsicas como la &#8220;carrera&#8221; de Sant&#8217;Andrea, tienen or\u00edgenes que se mezclan con ritos precristianos de fertilidad, propiciaci\u00f3n y renovaci\u00f3n comunitaria. La Iglesia, a lo largo de los siglos, a menudo &#8220;bautiz\u00f3&#8221; estas costumbres, d\u00e1ndoles un nuevo significado cristiano. El purismo lit\u00fargico que defiende Nastri es, en cierto modo, una posici\u00f3n posterior que busca depurar la fe de elementos considerados no esenciales. Sin embargo, para muchos fieles, es precisamente en la tangible, ruidosa y f\u00edsica participaci\u00f3n en estos eventos donde se expresa y se vive su devoci\u00f3n. La pregunta subyacente es: \u00bfqui\u00e9n es el custodio leg\u00edtimo de la tradici\u00f3n: la jerarqu\u00eda eclesi\u00e1stica o la comunidad de fieles con su pr\u00e1ctica vivida, aunque sea imperfecta desde una perspectiva doctrinal estricta?<\/p>\n<h3>Consejos Pr\u00e1cticos para el Visitante Consciente<\/h3>\n<p>Para el turista o peregrino que visita eventos como la festividad de Sant&#8217;Andrea en Amalfi, la reflexi\u00f3n de Nastri ofrece una valiosa gu\u00eda para una experiencia m\u00e1s profunda y respetuosa. En lugar de ser un mero espectador, se puede intentar:<\/p>\n<ul>\n<li><strong>Investigar con antelaci\u00f3n:<\/strong> Comprender el significado hist\u00f3rico y teol\u00f3gico del evento. \u00bfQu\u00e9 se conmemora? \u00bfPor qu\u00e9 la &#8220;carrera&#8221;? Esto transforma la observaci\u00f3n de un espect\u00e1culo extra\u00f1o en el testimonio de una expresi\u00f3n cultural profunda.<\/li>\n<li><strong>Respetar los espacios sagrados:<\/strong> Al entrar en la catedral, observar el comportamiento de los fieles locales. Priorizar el silencio y la contemplaci\u00f3n, siguiendo la sugerencia de Nastri de buscar primero el sagrario, antes de dirigirse a las estatuas o reliquias.<\/li>\n<li><strong>Participar, no invadir:<\/strong> Mantener una distancia f\u00edsica y emocional que permita a la comunidad ser la protagonista de su propio rito. Las fotograf\u00edas deben ser discretas y nunca interferir con la procesi\u00f3n o la liturgia.<\/li>\n<li><strong>Reflexionar despu\u00e9s:<\/strong> Preguntarse qu\u00e9 elementos parec\u00edan dirigidos a la comunidad local y cu\u00e1les parec\u00edan adaptados para el consumo tur\u00edstico. Esta distinci\u00f3n es clave para entender la cr\u00edtica central.<\/li>\n<\/ul>\n<h3>El Error Com\u00fan: Confundir Devoci\u00f3n con Entretenimiento<\/h3>\n<p>El error m\u00e1s com\u00fan, tanto para los visitantes como para algunas autoridades locales, es enmarcar estas celebraciones principalmente como &#8220;atracciones&#8221;. Esto conduce a una serie de distorsiones: la promoci\u00f3n se centra en lo visual y lo emocionante (la carrera, las multitudes, el drama), eclipsando por completo el significado espiritual de penitencia, gratitud o petici\u00f3n. Se programan horarios para la conveniencia de los tours, se amplifica el sonido para las c\u00e1maras, y el evento se valora por su impacto econ\u00f3mico m\u00e1s que por su integridad religiosa. Este enfoque, advierte impl\u00edcitamente Nastri, vac\u00eda la tradici\u00f3n de su poder transformador interno para la comunidad, convirti\u00e9ndola en una c\u00e1scara pintoresca.<\/p>\n<h3>\u00bfHay un Camino Medio? La Visi\u00f3n de los Expertos<\/h3>\n<p>Expertos en gesti\u00f3n del patrimonio cultural y turismo religioso sugieren que la soluci\u00f3n no est\u00e1 necesariamente en la supresi\u00f3n, sino en la educaci\u00f3n y la delimitaci\u00f3n clara. Algunas di\u00f3cesis en lugares similares han implementado con \u00e9xito programas de &#8220;acogida al peregrino&#8221;, donde se ofrecen breves charlas antes de los eventos principales, explicando su significado y el comportamiento esperado. Otros han establecido momentos espec\u00edficos &#8220;solo para fieles&#8221;, especialmente dentro del templo, separ\u00e1ndolos de los tiempos m\u00e1s abiertos a la observaci\u00f3n externa. La clave, seg\u00fan estos expertos, es empoderar a la comunidad local para que sea la gu\u00eda y narradora de su propia tradici\u00f3n, en lugar de dejar que sea el mercado tur\u00edstico quien defina su valor y presentaci\u00f3n. La voz cr\u00edtica de Nastri, por tanto, no deber\u00eda ser silenciada como un mero aguafiestas, sino escuchada como un llamado urgente a un examen de conciencia colectivo sobre lo que realmente se quiere preservar y transmitir a las futuras generaciones: un recuerdo folcl\u00f3rico o una fe viva.<\/p>\n<p><!-- Last Updated Notice --><\/p>\n<p style=\"margin-top: 30px; padding: 12px 16px; background: #f0f7ff; border-left: 3px solid #2196F3; border-radius: 4px; font-size: 14px; color: #555;\">\n<em>\ud83d\udcc5 Last updated: 26.12.2025<\/em>\n<\/p>\n<p><!-- FAQ Section --><\/p>\n<div class=\"faq-section\" style=\"margin-top: 40px; padding: 25px; background: linear-gradient(135deg, #f5f7fa 0%, #e4e8ec 100%); border-radius: 12px; border-left: 4px solid #2196F3;\">\n<h2 style=\"color: #1976D2; margin-bottom: 20px;\">\u2753 Frequently Asked Questions<\/h2>\n<div class=\"faq-item\" style=\"margin-bottom: 20px; padding: 15px; background: white; border-radius: 8px; box-shadow: 0 2px 4px rgba(0,0,0,0.1);\">\n<h3 style=\"color: #333; margin-bottom: 10px; font-size: 18px;\">\ud83d\udcac What is the &#8220;Corsa di Sant&#8217;Andrea&#8221; in Amalfi?<\/h3>\n<p style=\"color: #555; line-height: 1.6; margin: 0;\">The &#8220;Corsa di Sant&#8217;Andrea&#8221; is a traditional event in Amalfi where participants carry a statue of the Apostle Saint Andrew up the long staircase of the Amalfi Cathedral. It is part of the local religious festivities but, according to critic Sigismondo Nastri, has transformed into a circus-like or stadium spectacle over the years.<\/p>\n<\/div>\n<div class=\"faq-item\" style=\"margin-bottom: 20px; padding: 15px; background: white; border-radius: 8px; box-shadow: 0 2px 4px rgba(0,0,0,0.1);\">\n<h3 style=\"color: #333; margin-bottom: 10px; font-size: 18px;\">\ud83d\udcac Why is the Sant&#8217;Andrea statue race in Amalfi controversial?<\/h3>\n<p style=\"color: #555; line-height: 1.6; margin: 0;\">The race is controversial because critics like journalist Sigismondo Nastri believe it has lost its sacred meaning, becoming a tourist attraction and a secular spectacle. He argues that the applause during the event and the use of the church for non-liturgical reasons promote a form of &#8220;image worship&#8221; that detracts from core Christian tenets like the Eucharist.<\/p>\n<\/div>\n<div class=\"faq-item\" style=\"margin-bottom: 20px; padding: 15px; background: white; border-radius: 8px; box-shadow: 0 2px 4px rgba(0,0,0,0.1);\">\n<h3 style=\"color: #333; margin-bottom: 10px; font-size: 18px;\">\ud83d\udcac What does Sigismondo Nastri criticize about modern religious processions?<\/h3>\n<p style=\"color: #555; line-height: 1.6; margin: 0;\">Sigismondo Nastri criticizes modern religious processions for becoming timeless rituals and tourist attractions, losing their original devotional purpose. He specifically condemns the applause in church and the focus on touching statues, which he views as a new paganism that overshadows the central Christian focus on Jesus&#8217;s resurrection and the Eucharist.<\/p>\n<\/div>\n<\/div>\n<p><!-- End FAQ Section --><\/p>\n<p><!-- FAQ Schema for SEO --><br \/>\n<script type=\"application\/ld+json\">\n{\n  \"@context\": \"https:\/\/schema.org\",\n  \"@type\": \"FAQPage\",\n  \"mainEntity\": [\n    {\n      \"@type\": \"Question\",\n      \"name\": \"What is the \\\"Corsa di Sant'Andrea\\\" in Amalfi?\",\n      \"acceptedAnswer\": {\n        \"@type\": \"Answer\",\n        \"text\": \"The \\\"Corsa di Sant'Andrea\\\" is a traditional event in Amalfi where participants carry a statue of the Apostle Saint Andrew up the long staircase of the Amalfi Cathedral. It is part of the local religious festivities but, according to critic Sigismondo Nastri, has transformed into a circus-like or stadium spectacle over the years.\"\n      }\n    },\n    {\n      \"@type\": \"Question\",\n      \"name\": \"Why is the Sant'Andrea statue race in Amalfi controversial?\",\n      \"acceptedAnswer\": {\n        \"@type\": \"Answer\",\n        \"text\": \"The race is controversial because critics like journalist Sigismondo Nastri believe it has lost its sacred meaning, becoming a tourist attraction and a secular spectacle. He argues that the applause during the event and the use of the church for non-liturgical reasons promote a form of \\\"image worship\\\" that detracts from core Christian tenets like the Eucharist.\"\n      }\n    },\n    {\n      \"@type\": \"Question\",\n      \"name\": \"What does Sigismondo Nastri criticize about modern religious processions?\",\n      \"acceptedAnswer\": {\n        \"@type\": \"Answer\",\n        \"text\": \"Sigismondo Nastri criticizes modern religious processions for becoming timeless rituals and tourist attractions, losing their original devotional purpose. He specifically condemns the applause in church and the focus on touching statues, which he views as a new paganism that overshadows the central Christian focus on Jesus's resurrection and the Eucharist.\"\n      }\n    }\n  ]\n}\n<\/script><\/p>\n","protected":false},"excerpt":{"rendered":"<p>Amalfi, Sigismondo Nastri: &#8220;La carrera de Sant&#8217;Andrea&#8221; tt Amalfi, Sigismondo Nastri: \u201cLa carrera de Sant&#8217;Andrea\u201d. Aqu\u00ed est\u00e1n las palabras del periodista amalfitano Sigismondo Nastri: S\u00e9 que mi postura es impopular<\/p>\n","protected":false},"author":1,"featured_media":4266,"comment_status":"closed","ping_status":"open","sticky":false,"template":"","format":"standard","meta":{"footnotes":""},"categories":[14],"tags":[1298,1351,464,1424,1350],"class_list":["post-14898","post","type-post","status-publish","format-standard","has-post-thumbnail","hentry","category-church-news","tag-amalfi","tag-nastri","tag-race","tag-santandrea","tag-sigismondo","generate-columns","tablet-grid-50","mobile-grid-100","grid-parent","grid-50","no-featured-image-padding"],"_links":{"self":[{"href":"https:\/\/churchmyway.org\/es\/wp-json\/wp\/v2\/posts\/14898","targetHints":{"allow":["GET"]}}],"collection":[{"href":"https:\/\/churchmyway.org\/es\/wp-json\/wp\/v2\/posts"}],"about":[{"href":"https:\/\/churchmyway.org\/es\/wp-json\/wp\/v2\/types\/post"}],"author":[{"embeddable":true,"href":"https:\/\/churchmyway.org\/es\/wp-json\/wp\/v2\/users\/1"}],"replies":[{"embeddable":true,"href":"https:\/\/churchmyway.org\/es\/wp-json\/wp\/v2\/comments?post=14898"}],"version-history":[{"count":1,"href":"https:\/\/churchmyway.org\/es\/wp-json\/wp\/v2\/posts\/14898\/revisions"}],"predecessor-version":[{"id":14906,"href":"https:\/\/churchmyway.org\/es\/wp-json\/wp\/v2\/posts\/14898\/revisions\/14906"}],"wp:featuredmedia":[{"embeddable":true,"href":"https:\/\/churchmyway.org\/es\/wp-json\/wp\/v2\/media\/4266"}],"wp:attachment":[{"href":"https:\/\/churchmyway.org\/es\/wp-json\/wp\/v2\/media?parent=14898"}],"wp:term":[{"taxonomy":"category","embeddable":true,"href":"https:\/\/churchmyway.org\/es\/wp-json\/wp\/v2\/categories?post=14898"},{"taxonomy":"post_tag","embeddable":true,"href":"https:\/\/churchmyway.org\/es\/wp-json\/wp\/v2\/tags?post=14898"}],"curies":[{"name":"wp","href":"https:\/\/api.w.org\/{rel}","templated":true}]}}