{"id":14900,"date":"2025-07-15T00:00:22","date_gmt":"2025-07-15T04:00:22","guid":{"rendered":"https:\/\/churchmyway.org\/amalfi-celebra-hoy-a-santandrea-el-programa\/"},"modified":"2025-12-25T23:29:04","modified_gmt":"2025-12-25T23:29:04","slug":"amalfi-celebra-hoy-a-santandrea-el-programa","status":"publish","type":"post","link":"https:\/\/churchmyway.org\/es\/amalfi-celebra-hoy-a-santandrea-el-programa\/","title":{"rendered":"Amalfi celebra hoy a Sant&#8217;Andrea: el programa"},"content":{"rendered":"<h2>Amalfi celebra hoy a Sant&#8217;Andrea: el programa<br \/>\n<\/h2>\n<div id=\"entry\">\n<p>Amalfi celebra hoy a Sant&#8217;Andrea: el programa. La procesi\u00f3n regresa por las calles de la ciudad. Amalfi est\u00e1 lista para honrar a su santo patr\u00f3n Andrea y, este a\u00f1o, despu\u00e9s de la interrupci\u00f3n de dos a\u00f1os causada por la pandemia, la procesi\u00f3n regresa por las calles de la ciudad.<\/p>\n<p>Hoy, 27 de junio, la ciudad principal de la Costa que lleva su nombre est\u00e1, por lo tanto, lista para dar la bienvenida a los <a href=\"https:\/\/churchmyway.org\/positano-the-district-of-laurito-celebrates-the-solemnity-of-st-peter-the-apostle-with-faith\/\" title=\"Positano, el barrio de Laurito celebra la solemnidad de San Pedro Ap\u00f3stol con fe\">fieles y turistas con motivo de esta gran fiesta en honor al Ap\u00f3stol<\/a> Andr\u00e9s quien, el 27 de junio de 1544, con un prodigio milagroso, una tormenta repentina, hundi\u00f3 la flota del pirata sarraceno Kair-Ad-Din que quer\u00eda conquistar Amalfi.<\/p>\n<p><strong>FIESTA DEL PATRONATO DE SANT&#8217;ANDREA &#8211; PROGRAMA<\/strong><\/p>\n<p><strong>Domingo 26 de junio: V\u00edspera de la Fiesta<\/strong><\/p>\n<p>8.00 &#8211; 9.30: Santas Misas<br \/>8.00 am: Recorrido de la banda de conciertos &#8220;Citt\u00e0 di Minori&#8221;<br \/>10.30: Exposici\u00f3n de la venerada estatua de San Andr\u00e9s y Santa Misa<br \/>18.00: Recorrido de la banda de conciertos<br \/>7.00 pm: Segundas V\u00edsperas<br \/>7.30 pm: Santa Misa celebrada por S.E. Mons. Orazio Soricelli, Arzobispo de Amalfi &#8211; Cava de &#8216;Tirreni y rito de la Manna<br \/>9.30 pm: Actuaci\u00f3n de la banda de conciertos en Piazza Duomo<\/p>\n<p><strong>Lunes 27 de junio &#8211; Fiesta de San Andr\u00e9s Ap\u00f3stol<\/strong><\/p>\n<p>7.00 &#8211; 8.00 &#8211; 9.00: Santas Misas<br \/>8.30 am: Recorrido de la banda de conciertos<br \/>10.30 am: Misa Pontifical celebrada por S.E. Mons. Michele Fusco, Obispo de Sulmona &#8211; Valva, animada por la Schola Cantorum &#8220;Cantate Domino &#8211; Aloysiana&#8221;<br \/>10.30: Matin\u00e8 de la banda de conciertos en Piazza Spirito Santo<br \/>12.00: Sonido festivo de todas las campanas de las iglesias de la ciudad<br \/>18.00: Recorrido de la banda de conciertos<br \/>6.30 pm: Santa Misa<br \/>20.00: Procesi\u00f3n por las calles de la ciudad<br \/>11.00 pm: Espect\u00e1culo de fuegos artificiales a cargo de la compa\u00f1\u00eda Senatore de Cava de &#8216;Tirreni<\/p>\n<p><strong>Mi\u00e9rcoles 29 de junio &#8211; Solemnidad de los Santos Pedro y Pablo<\/strong><\/p>\n<p>7.00 pm: Segundas V\u00edsperas<br \/>7.30 pm: Santa Misa y reposici\u00f3n del venerado busto de plata<\/p>\n<\/p><\/div>\n<p>  window.fbAsyncInit = function() {<br \/>\n    FB.init({<br \/>\n      appId      : &#8216;263662657500055&#8217;,<br \/>\n      xfbml      : true,<br \/>\n      version    : &#8216;v3.0&#8217;<br \/>\n    });<br \/>\n  };<\/p>\n<p>  (function(d, s, id){<br \/>\n     var js, fjs = d.getElementsByTagName(s)[0];<br \/>\n     if (d.getElementById(id)) {return;}<br \/>\n     js = d.createElement(s); js.id = id;<br \/>\n     js.src = &#8221;<br \/>\n     fjs.parentNode.insertBefore(js, fjs);<br \/>\n   }(document, &#8216;script&#8217;, &#8216;facebook-jssdk&#8217;));<\/p>\n<h2>Para Vivir la Fiesta Como un Local: Consejos y Perspectivas<\/h2>\n<p>M\u00e1s all\u00e1 del programa oficial, la verdadera esencia de la Festa di Sant&#8217;Andrea se descubre en los detalles y las tradiciones vividas. Para el visitante, sumergirse plenamente requiere un poco de conocimiento local. Un error com\u00fan es centrarse \u00fanicamente en los eventos de la tarde y noche del 27 de junio. Los amalfitanos viven la fiesta como un crescendo emocional que comienza desde la v\u00edspera. Asistir a las Segundas V\u00edsperas del d\u00eda 26, con el solemne Rito de la Manna, es una experiencia profundamente espiritual. En este ritual, se recoge un l\u00edquido que mana del m\u00e1rmol de la tumba del Santo, un fen\u00f3meno considerado milagroso y que simboliza la intercesi\u00f3n continua de Andrea. Llegar temprano a la Catedral para este evento no es solo una cuesti\u00f3n de conseguir un buen sitio, sino de sentir la expectativa colectiva que llena el aire.<\/p>\n<h3>Consejos Pr\u00e1cticos para una Experiencia Inolvidable<\/h3>\n<p>La log\u00edstica es crucial. Un error que puede arruinar la jornada es subestimar el calor y la aglomeraci\u00f3n. Calzado c\u00f3modo es una obligaci\u00f3n absoluta, no una sugerencia, ya que los adoquines son traicioneros y estar\u00e1s de pie durante horas. Hidrataci\u00f3n constante es clave; aunque hay puestos que venden agua, llevar una botella reutilizable es m\u00e1s inteligente. Para la procesi\u00f3n de las 20:00 horas, los lugare\u00f1os suelen reservar su espacio en las calles del recorrido con mucha antelaci\u00f3n, a veces horas antes. Si deseas una buena vista, especialmente cerca del Duomo o en la escalinata, planea establecer tu posici\u00f3n no m\u00e1s tarde de las 18:30. Sin embargo, una perspectiva experta sugiere que a veces es m\u00e1s enriquecedor seguir la procesi\u00f3n desde un punto menos c\u00e9ntrico, como las callejuelas laterales, donde se puede observar de cerca la devoci\u00f3n en los rostros de los portadores y la comunidad que se une para el paso de su Santo.<\/p>\n<h3>La Procesi\u00f3n: Un Mar de Emoci\u00f3n Colectiva<\/h3>\n<p>El momento cumbre, la procesi\u00f3n, es algo m\u00e1s que un desfile religioso. Es la reafirmaci\u00f3n anual de la identidad de Amalfi. La estatua de Sant&#8217;Andrea, llevada a hombros por los fieles, no sigue un simple camino; traza un mapa sagrado de la memoria colectiva. Un dato fascinante es el lenguaje de la &#8220;corsa&#8221; y la &#8220;lenta&#8221;. En ciertos puntos hist\u00f3ricos, como al pasar por delante de la antigua sede del Arsenal Mar\u00edtimo, los portadores aceleran la marcha en una &#8220;carrera&#8221; simb\u00f3lica, un gesto de fuerza y j\u00fabilo que hace vibrar a toda la multitud. El peso f\u00edsico de la estatua es enorme, y llevar al Santo es un honor que se transmite en familias. Expertos en antropolog\u00eda cultural se\u00f1alan que este acto representa literal y metaf\u00f3ricamente el llevar el peso de la historia y la fe de la comunidad.<\/p>\n<h3>Curiosidades y Significados Ocultos<\/h3>\n<p>M\u00e1s all\u00e1 de los fuegos artificiales, cuyo espect\u00e1culo sobre el mar es ciertamente impresionante, existen s\u00edmbolos menos evidentes. La &#8220;lluvia&#8221; de papelillos blancos y azules desde los balcones durante el paso de la procesi\u00f3n no es un mero adorno. Los colores representan el mar y el cielo, los elementos del milagro de 1544, y es una forma en que quienes no pueden bajar a la calle participan activamente. Otro hecho interesante es la conexi\u00f3n mar\u00edtima: Sant&#8217;Andrea es el patr\u00f3n de los pescadores, y muchas de las ofrendas en el Duomo son modelos de barcos, un tributo que une la fe con la historia econ\u00f3mica de la Rep\u00fablica Mar\u00edtima. Incluso el sonido festivo de todas las campanas al mediod\u00eda del 27 no es solo ruido; era hist\u00f3ricamente la se\u00f1al para aquellos que estaban en el mar, avistando la costa, de que la fiesta estaba en su apogeo.<\/p>\n<p>Finalmente, el consejo m\u00e1s valioso es permitir que la fiesta te envuelva m\u00e1s all\u00e1 del programa. Permanece un momento despu\u00e9s de los fuegos artificiales, cuando la multitud se dispersa lentamente. Observa c\u00f3mo las familias se re\u00fanen para la cena tard\u00eda, c\u00f3mo los j\u00f3venes se congregan en la plaza, y c\u00f3mo un sentido de paz y cumplimiento se instala en la ciudad. La Festa di Sant&#8217;Andrea no termina con el \u00faltimo estallido de pirotecnia, sino que se transforma en la memoria viva que alimentar\u00e1 a Amalfi hasta el pr\u00f3ximo a\u00f1o, un ciclo perpetuo de fe, historia y comunidad que has tenido el privilegio de presenciar.<\/p>\n<p><!-- Last Updated Notice --><\/p>\n<p style=\"margin-top: 30px; padding: 12px 16px; background: #f0f7ff; border-left: 3px solid #2196F3; border-radius: 4px; font-size: 14px; color: #555;\">\n<em>\ud83d\udcc5 Last updated: 21.12.2025<\/em>\n<\/p>\n<p><!-- FAQ Section --><\/p>\n<div class=\"faq-section\" style=\"margin-top: 40px; padding: 25px; background: linear-gradient(135deg, #f5f7fa 0%, #e4e8ec 100%); border-radius: 12px; border-left: 4px solid #2196F3;\">\n<h2 style=\"color: #1976D2; margin-bottom: 20px;\">\u2753 Frequently Asked Questions<\/h2>\n<div class=\"faq-item\" style=\"margin-bottom: 20px; padding: 15px; background: white; border-radius: 8px; box-shadow: 0 2px 4px rgba(0,0,0,0.1);\">\n<h3 style=\"color: #333; margin-bottom: 10px; font-size: 18px;\">\ud83d\udcac What is the Feast of Sant&#8217;Andrea in Amalfi?<\/h3>\n<p style=\"color: #555; line-height: 1.6; margin: 0;\">The Feast of Sant&#8217;Andrea is the annual celebration honoring Saint Andrew, the patron saint of Amalfi. It commemorates the miraculous event on June 27, 1544, when a sudden storm, attributed to the saint, destroyed a Saracen pirate fleet threatening the city.<\/p>\n<\/div>\n<div class=\"faq-item\" style=\"margin-bottom: 20px; padding: 15px; background: white; border-radius: 8px; box-shadow: 0 2px 4px rgba(0,0,0,0.1);\">\n<h3 style=\"color: #333; margin-bottom: 10px; font-size: 18px;\">\ud83d\udcac What is the main event during the Feast of Sant&#8217;Andrea?<\/h3>\n<p style=\"color: #555; line-height: 1.6; margin: 0;\">The main event is the procession of the revered statue of Saint Andrew through the streets of Amalfi. This key tradition returned in 2022 after a two-year hiatus due to the pandemic, allowing the public celebration to resume.<\/p>\n<\/div>\n<div class=\"faq-item\" style=\"margin-bottom: 20px; padding: 15px; background: white; border-radius: 8px; box-shadow: 0 2px 4px rgba(0,0,0,0.1);\">\n<h3 style=\"color: #333; margin-bottom: 10px; font-size: 18px;\">\ud83d\udcac When is the Feast of Sant&#8217;Andrea celebrated in Amalfi?<\/h3>\n<p style=\"color: #555; line-height: 1.6; margin: 0;\">The primary celebration is on June 27th each year. The festivities begin on the eve, June 26th, with various masses, musical performances, and the exposition of the saint&#8217;s statue.<\/p>\n<\/div>\n<\/div>\n<p><!-- End FAQ Section --><\/p>\n<p><!-- FAQ Schema for SEO --><br \/>\n<script type=\"application\/ld+json\">\n{\n  \"@context\": \"https:\/\/schema.org\",\n  \"@type\": \"FAQPage\",\n  \"mainEntity\": [\n    {\n      \"@type\": \"Question\",\n      \"name\": \"What is the Feast of Sant'Andrea in Amalfi?\",\n      \"acceptedAnswer\": {\n        \"@type\": \"Answer\",\n        \"text\": \"The Feast of Sant'Andrea is the annual celebration honoring Saint Andrew, the patron saint of Amalfi. It commemorates the miraculous event on June 27, 1544, when a sudden storm, attributed to the saint, destroyed a Saracen pirate fleet threatening the city.\"\n      }\n    },\n    {\n      \"@type\": \"Question\",\n      \"name\": \"What is the main event during the Feast of Sant'Andrea?\",\n      \"acceptedAnswer\": {\n        \"@type\": \"Answer\",\n        \"text\": \"The main event is the procession of the revered statue of Saint Andrew through the streets of Amalfi. This key tradition returned in 2022 after a two-year hiatus due to the pandemic, allowing the public celebration to resume.\"\n      }\n    },\n    {\n      \"@type\": \"Question\",\n      \"name\": \"When is the Feast of Sant'Andrea celebrated in Amalfi?\",\n      \"acceptedAnswer\": {\n        \"@type\": \"Answer\",\n        \"text\": \"The primary celebration is on June 27th each year. The festivities begin on the eve, June 26th, with various masses, musical performances, and the exposition of the saint's statue.\"\n      }\n    }\n  ]\n}\n<\/script><\/p>\n","protected":false},"excerpt":{"rendered":"<p>Amalfi celebra hoy a Sant&#8217;Andrea: el programa Amalfi celebra hoy a Sant&#8217;Andrea: el programa. La procesi\u00f3n regresa por las calles de la ciudad. Amalfi est\u00e1 lista para honrar a su<\/p>\n","protected":false},"author":1,"featured_media":4005,"comment_status":"closed","ping_status":"open","sticky":false,"template":"","format":"standard","meta":{"footnotes":""},"categories":[14],"tags":[1298,789,1442,1424,1071],"class_list":["post-14900","post","type-post","status-publish","format-standard","has-post-thumbnail","hentry","category-church-news","tag-amalfi","tag-celebrates","tag-program","tag-santandrea","tag-today","generate-columns","tablet-grid-50","mobile-grid-100","grid-parent","grid-50","no-featured-image-padding"],"_links":{"self":[{"href":"https:\/\/churchmyway.org\/es\/wp-json\/wp\/v2\/posts\/14900","targetHints":{"allow":["GET"]}}],"collection":[{"href":"https:\/\/churchmyway.org\/es\/wp-json\/wp\/v2\/posts"}],"about":[{"href":"https:\/\/churchmyway.org\/es\/wp-json\/wp\/v2\/types\/post"}],"author":[{"embeddable":true,"href":"https:\/\/churchmyway.org\/es\/wp-json\/wp\/v2\/users\/1"}],"replies":[{"embeddable":true,"href":"https:\/\/churchmyway.org\/es\/wp-json\/wp\/v2\/comments?post=14900"}],"version-history":[{"count":0,"href":"https:\/\/churchmyway.org\/es\/wp-json\/wp\/v2\/posts\/14900\/revisions"}],"wp:featuredmedia":[{"embeddable":true,"href":"https:\/\/churchmyway.org\/es\/wp-json\/wp\/v2\/media\/4005"}],"wp:attachment":[{"href":"https:\/\/churchmyway.org\/es\/wp-json\/wp\/v2\/media?parent=14900"}],"wp:term":[{"taxonomy":"category","embeddable":true,"href":"https:\/\/churchmyway.org\/es\/wp-json\/wp\/v2\/categories?post=14900"},{"taxonomy":"post_tag","embeddable":true,"href":"https:\/\/churchmyway.org\/es\/wp-json\/wp\/v2\/tags?post=14900"}],"curies":[{"name":"wp","href":"https:\/\/api.w.org\/{rel}","templated":true}]}}