{"id":14922,"date":"2022-06-25T15:54:49","date_gmt":"2022-06-25T19:54:49","guid":{"rendered":"https:\/\/churchmyway.org\/piano-di-sorrento-en-la-basilica-de-san-michele-encuentro-con-la-historia-el-giuspatronato-es-nuestro-derecho\/"},"modified":"2025-12-26T00:45:41","modified_gmt":"2025-12-26T00:45:41","slug":"piano-di-sorrento-en-la-basilica-de-san-michele-encuentro-con-la-historia-el-giuspatronato-es-nuestro-derecho","status":"publish","type":"post","link":"https:\/\/churchmyway.org\/es\/piano-di-sorrento-en-la-basilica-de-san-michele-encuentro-con-la-historia-el-giuspatronato-es-nuestro-derecho\/","title":{"rendered":"Piano di Sorrento, en la Bas\u00edlica de San Michele encuentro con la historia &#8220;El Giuspatronato es nuestro derecho&#8221;"},"content":{"rendered":"<h2><a href=\"https:\/\/churchmyway.org\/piano-di-sorrento-a-pedestrian-path-in-the-footsteps-of-our-ancestors-the-proposal-of-the-black-procession\/\">Piano di Sorrento<\/a>, en la Bas\u00edlica de San Michele encuentro con la historia &#8220;El Giuspatronato es nuestro derecho&#8221;<\/h2>\n<div id=\"entry\">\n<p>Piano di Sorrento, en la Bas\u00edlica de San Michele encuentro con la Historia &#8220;El Giuspatronato, es nuestro derecho&#8221;. Un derecho que se pierde en la noche de los tiempos y que esta tarde fue documentado con un encuentro p\u00fablico, este s\u00e1bado 25 de junio a las 19.00, en la <a href=\"https:\/\/churchmyway.org\/piano-di-sorrento-domenico-cinque-giuspatronato-do-it-yourself-no-thank-you\/\">Bas\u00edlica de San Michele Arcangelo<\/a> para hablar del &#8220;Ius Patronatus&#8221;. Un derecho por el que debemos luchar, como dijo Michele Gargiulo, Prior de la<strong>Archicofrad\u00eda Muerte y Oraci\u00f3n<\/strong> de Piano di Sorrento. Por el momento, Positanonews, que, como dijo el Prior, anticip\u00f3 la noticia, publica extractos de la transmisi\u00f3n en vivo en Facebook y YouTube<\/p>\n<div class=\"photo-inside-post \"><img decoding=\"async\" src=\"https:\/\/churchmyway.org\/wp-content\/uploads\/2022\/06\/Piano-di-Sorrento-in-the-Basilica-of-San-Michele-meeting.jpg\" alt=\"Piano di Sorrento, en la Bas\u00edlica de San Michele encuentro con la historia &quot;El Giuspatronato es nuestro derecho&quot;\" title=\"\"><\/div>\n<p>e <strong>Michele Gargiulo<\/strong>, Prior de la Archicofrad\u00eda Muerte y Oraci\u00f3n, publica un post en Facebook: <em>\u00ab<strong>\u00a1Ahora es el momento!<\/strong> \u00bfC\u00f3mo era el clima cuando, con el viento a favor, una palabra habr\u00eda sido suficiente&#8230; incluso una palabra susurrada: \u201cQuerido Felice, \u00a1esto se puede hacer!\u201d. \u00a1Una palabra! En cambio, nos encontramos solos: \u201c\u00a1tres bandidos&#8230; sin ni siquiera los tres burros!\u201d.<\/em><br \/>\n<em>Solos en una sala an\u00f3nima del episcopado para defender la causa de un joven sacerdote que en su primer bautismo de fuego se vio deslegitimado por los &#8220;lejanos&#8221; que invocaban la ley y por los &#8220;cercanos&#8221; que no dejaban de lamentar una partida.<\/em><br \/>\n<em>Era noviembre de 2006, si no recuerdo mal, y todav\u00eda llevo en mi coraz\u00f3n las palabras de Gianfranco y Giosu\u00e8 que, como un coro, repet\u00edan en voces alternas: &#8220;\u00a1Excelencia, nuestra historia merece un p\u00e1rroco y no un administrador parroquial!&#8221; Y de nuevo: <strong>\u201c\u00a1Perm\u00edtanos votar por Don Pasquale!\u201d.<\/strong><\/em><br \/>\n<em>Incluso entonces no era el momento, \u00a1porque quiz\u00e1s ya era tarde!<\/em><br \/>\n<em>Los tres &#8220;Bandidos&#8221; sin ni siquiera los tres &#8220;burros&#8221; lograron arrancar una promesa que luego fue desatendida debido a los miedos nacidos all\u00e1 arriba en Trinit\u00e0, donde no se eligi\u00f3 un p\u00e1rroco sino que se rechaz\u00f3 un administrador parroquial.<\/em><\/p>\n<p><em>A veces el Se\u00f1or hace que el Pastor muestre el camino al propio reba\u00f1o: esa elecci\u00f3n de un sacerdote muy joven habr\u00eda generado en los a\u00f1os siguientes tanta y tanta gracia como para hacer bendita esa elecci\u00f3n.<\/em><br \/>\n<em>Esa promesa, en \u00faltima instancia, sigue siendo la \u00fanica respuesta a una petici\u00f3n hecha para <strong>&#8220;Salvar&#8221; el derecho<\/strong>: \u00a1tantas proclamas, tantas escaramuzas pero nada que en todos estos a\u00f1os haya abierto una ventana o, al menos, una confrontaci\u00f3n con nuestro pastor!<\/em><br \/>\n<em>\u00a1Honra a los luchadores, pero luego las batallas deben ganarse!<\/em><br \/>\n<em>Pero, en todo esto, siempre est\u00e1 la intervenci\u00f3n del Se\u00f1or: \u00a1siempre! Con nosotros lo hizo de una manera superlativa, nos permiti\u00f3 estudiar, conocer, profundizar en nuestra maravillosa historia. Hemos le\u00eddo sobre organizaciones laicas que, ya en el siglo XVII, se estructuraron de manera &#8220;moderna&#8221; para crear bienestar y solidaridad para todos los <strong>\u201cHijos\u201d<\/strong> de nuestra tierra: \u00a1nadie excluido!<\/em><br \/>\n<em>De los ricos que pusieron parte de sus bienes a disposici\u00f3n para garantizar a los pobres una vida m\u00e1s digna.<\/em><br \/>\n<em>\u00a1De una nobleza que tambi\u00e9n comparti\u00f3 la \u00faltima morada, la del descanso eterno, con los m\u00e1s pobres! \u00a1No una iglesia cerrada, para unos pocos, sino una iglesia abierta a todos!<\/em><br \/>\n<em>Una iglesia donde la gente so\u00f1aba con una vida mejor para su pueblo. <strong>\u00a1Una iglesia que, para defender el valor de sus ideas, nunca fue sierva de nadie!<\/strong><\/em><br \/>\n<em>Una iglesia que no call\u00f3, incluso cuando esto signific\u00f3 confrontar y luchar con las autoridades &#8220;temporales&#8221; y &#8220;espirituales&#8221;.<\/em><br \/>\n<em><strong>Una iglesia dirigida por el pueblo<\/strong> que, a pesar de haber sido despojada de casi todos sus bienes por leyes subversivas, tambi\u00e9n nos ha dado a todos la oportunidad de beneficiarnos de tanta gracia. Como siempre, lo que se ha vuelto a construir en los \u00faltimos a\u00f1os se ha hecho gracias a la generosidad de los abuelos de nuestros abuelos.<\/em><br \/>\n<em>\u00a1Todo esto siempre y en cualquier caso a la sombra de la Cruz y nunca en silencio!<\/em><br \/>\n<em><strong>Esto est\u00e1 en nuestro ADN, nosotros<\/strong> conocemos los silencios, \u00a1pero los de las catedrales de nuestros corazones!<\/em><br \/>\n<em>Ahora creo que vale la pena rezar en voz alta, por mi iglesia, por Don Pasquale, Don Antonino, y por mi abuelo a quien acompa\u00f1\u00e9 a votar por su p\u00e1rroco; lo encontr\u00e9 en la puerta, completamente vestido, \u00a1llevaba el traje bueno! A\u00f1os despu\u00e9s habr\u00eda entrado en la iglesia, siempre con el mismo traje&#8230; \u00a1pero para el \u00faltimo adi\u00f3s!<\/em><br \/>\n<em>Soy esto\u2026&#8221;.<\/em><br \/>\n&lt;figure class=&#8221;article_image<\/p>\n<p>  window.fbAsyncInit = function() {<br \/>\n    FB.init({<br \/>\n      appId      : &#8216;263662657500055&#8217;,<br \/>\n      xfbml      : true,<br \/>\n      version    : &#8216;v3.0&#8217;<br \/>\n    });<br \/>\n  };<\/p>\n<p>  (function(d, s, id){<br \/>\n     var js, fjs = d.getElementsByTagName(s)[0];<br \/>\n     if (d.getElementById(id)) {return;}<br \/>\n     js = d.createElement(s); js.id = id;<br \/>\n     js.src = &#8221;<br \/>\n     fjs.parentNode.insertBefore(js, fjs);<br \/>\n   }(document, &#8216;script&#8217;, &#8216;facebook-jssdk&#8217;));\n<\/p><\/div>\n<h2>El Ius Patronatus: Ra\u00edces Hist\u00f3ricas y Significado Moderno<\/h2>\n<p>Para comprender plenamente la pasi\u00f3n que rodea al Giuspatronato en comunidades como Piano di Sorrento, es esencial remontarse a sus or\u00edgenes. Este derecho, el <em>Ius Patronatus<\/em>, no es una mera tradici\u00f3n local, sino una instituci\u00f3n con profundas ra\u00edces en el derecho can\u00f3nico y en la historia social italiana. Surgi\u00f3 t\u00edpicamente cuando un benefactor, a menudo una familia noble o un gremio, financiaba la construcci\u00f3n o el mantenimiento sustancial de una iglesia, ganando a cambio el derecho a proponer al cl\u00e9rigo para servir en ella. Este sistema creaba un v\u00ednculo tangible entre la comunidad fundadora y su lugar de culto, un v\u00ednculo que trascend\u00eda generaciones.<\/p>\n<h3>Consejos Pr\u00e1cticos para la Preservaci\u00f3n del Patrimonio<\/h3>\n<p>Para las archicofrad\u00edas y comunidades que buscan salvaguardar estos derechos hist\u00f3ricos, los expertos en patrimonio eclesi\u00e1stico subrayan varios pasos cruciales. Primero, la documentaci\u00f3n es fundamental: actas notariales antiguas, cartas papales, y registros parroquiales deben ser catalogados y digitalizados. Segundo, es vital establecer un di\u00e1logo constructivo, aunque firme, con las autoridades diocesanas, presentando los casos con base hist\u00f3rica y jur\u00eddica s\u00f3lida, no solo emocional. Un error com\u00fan es adoptar una postura exclusivamente confrontacional desde el principio, lo que puede cerrar puertas al di\u00e1logo. En cambio, se recomienda construir una narrativa que enfatice c\u00f3mo el ejercicio responsable del patronato fortalece, no debilita, la vida pastoral y comunitaria.<\/p>\n<p>Un hecho interesante a menudo pasado por alto es c\u00f3mo el <em>Ius Patronatus<\/em> ha moldeado el arte y la arquitectura local. Muchas de las capillas laterales, obras de arte y hasta elementos arquitect\u00f3nicos de bas\u00edlicas como San Michele llevan el escudo o s\u00edmbolo de las familias patronas, ofreciendo un registro hist\u00f3rico en piedra y yeso. Perder la conexi\u00f3n con este derecho puede, con el tiempo, erosionar tambi\u00e9n la comprensi\u00f3n de estos s\u00edmbolos patrimoniales. La lucha actual, por tanto, no es solo por un privilegio, sino por la custodia activa de una memoria colectiva inscrita en las paredes de la misma bas\u00edlica donde se re\u00fane la comunidad.<\/p>\n<p><!-- Last Updated Notice --><\/p>\n<p style=\"margin-top: 30px; padding: 12px 16px; background: #f0f7ff; border-left: 3px solid #2196F3; border-radius: 4px; font-size: 14px; color: #555;\">\n<em>\ud83d\udcc5 Last updated: 22.12.2025<\/em>\n<\/p>\n<p><!-- FAQ Section --><\/p>\n<div class=\"faq-section\" style=\"margin-top: 40px; padding: 25px; background: linear-gradient(135deg, #f5f7fa 0%, #e4e8ec 100%); border-radius: 12px; border-left: 4px solid #2196F3;\">\n<h2 style=\"color: #1976D2; margin-bottom: 20px;\">\u2753 Frequently Asked Questions<\/h2>\n<div class=\"faq-item\" style=\"margin-bottom: 20px; padding: 15px; background: white; border-radius: 8px; box-shadow: 0 2px 4px rgba(0,0,0,0.1);\">\n<h3 style=\"color: #333; margin-bottom: 10px; font-size: 18px;\">\ud83d\udcac What is the &#8220;Ius Patronatus&#8221; or &#8220;Giuspatronato&#8221;?<\/h3>\n<p style=\"color: #555; line-height: 1.6; margin: 0;\">The &#8220;Ius Patronatus&#8221; (or Giuspatronato) is a historical right of patronage, often held by families or religious confraternities, over a church. It typically involves privileges and responsibilities, such as the right to appoint clergy or manage certain properties, rooted in ancient tradition and canon law.<\/p>\n<\/div>\n<div class=\"faq-item\" style=\"margin-bottom: 20px; padding: 15px; background: white; border-radius: 8px; box-shadow: 0 2px 4px rgba(0,0,0,0.1);\">\n<h3 style=\"color: #333; margin-bottom: 10px; font-size: 18px;\">\ud83d\udcac What happened at the Basilica of San Michele in Piano di Sorrento on June 25?<\/h3>\n<p style=\"color: #555; line-height: 1.6; margin: 0;\">On June 25, a public meeting was held at the Basilica of San Michele Arcangelo in Piano di Sorrento to discuss and document the historical &#8220;Ius Patronatus&#8221; right. The event, organized by the Archconfraternity of Death and Prayer, emphasized the need to defend this right, as stated by its Prior, Michele Gargiulo.<\/p>\n<\/div>\n<div class=\"faq-item\" style=\"margin-bottom: 20px; padding: 15px; background: white; border-radius: 8px; box-shadow: 0 2px 4px rgba(0,0,0,0.1);\">\n<h3 style=\"color: #333; margin-bottom: 10px; font-size: 18px;\">\ud83d\udcac Who is Michele Gargiulo and what did he say about the Ius Patronatus?<\/h3>\n<p style=\"color: #555; line-height: 1.6; margin: 0;\">Michele Gargiulo is the Prior of the Archconfraternity of Death and Prayer in Piano di Sorrento. He publicly declared that the Ius Patronatus is a right that must be defended, referencing past struggles to uphold it and emphasizing that the time for action is now.<\/p>\n<\/div>\n<\/div>\n<p><!-- End FAQ Section --><\/p>\n<p><!-- FAQ Schema for SEO --><br \/>\n<script type=\"application\/ld+json\">\n{\n  \"@context\": \"https:\/\/schema.org\",\n  \"@type\": \"FAQPage\",\n  \"mainEntity\": [\n    {\n      \"@type\": \"Question\",\n      \"name\": \"What is the \\\"Ius Patronatus\\\" or \\\"Giuspatronato\\\"?\",\n      \"acceptedAnswer\": {\n        \"@type\": \"Answer\",\n        \"text\": \"The \\\"Ius Patronatus\\\" (or Giuspatronato) is a historical right of patronage, often held by families or religious confraternities, over a church. It typically involves privileges and responsibilities, such as the right to appoint clergy or manage certain properties, rooted in ancient tradition and canon law.\"\n      }\n    },\n    {\n      \"@type\": \"Question\",\n      \"name\": \"What happened at the Basilica of San Michele in Piano di Sorrento on June 25?\",\n      \"acceptedAnswer\": {\n        \"@type\": \"Answer\",\n        \"text\": \"On June 25, a public meeting was held at the Basilica of San Michele Arcangelo in Piano di Sorrento to discuss and document the historical \\\"Ius Patronatus\\\" right. The event, organized by the Archconfraternity of Death and Prayer, emphasized the need to defend this right, as stated by its Prior, Michele Gargiulo.\"\n      }\n    },\n    {\n      \"@type\": \"Question\",\n      \"name\": \"Who is Michele Gargiulo and what did he say about the Ius Patronatus?\",\n      \"acceptedAnswer\": {\n        \"@type\": \"Answer\",\n        \"text\": \"Michele Gargiulo is the Prior of the Archconfraternity of Death and Prayer in Piano di Sorrento. He publicly declared that the Ius Patronatus is a right that must be defended, referencing past struggles to uphold it and emphasizing that the time for action is now.\"\n      }\n    }\n  ]\n}\n<\/script><\/p>\n<p><!-- Related Articles --><\/p>\n<div class=\"related-articles\" style=\"margin-top: 40px; padding: 25px; background: linear-gradient(135deg, #e8f5e9 0%, #c8e6c9 100%); border-radius: 12px; border-left: 4px solid #4CAF50;\">\n<h2 style=\"color: #2E7D32; margin-bottom: 20px;\">\ud83d\udcda Related Articles You Might Enjoy<\/h2>\n<ul style=\"list-style: none; padding: 0; margin: 0;\">\n<li style=\"margin-bottom: 12px; padding: 10px; background: white; border-radius: 6px;\">\n<a href=\"https:\/\/churchmyway.org\/piano-di-sorrento-the-procession-of-santantonio\/\" style=\"color: #1976D2; text-decoration: none; font-weight: 500;\">\u2192 Piano di Sorrento, the procession of Sant&#8217;Antonio is back in San Liborio.  The emotion in the words of Luigi Iaccarino<\/a>\n<\/li>\n<li style=\"margin-bottom: 12px; padding: 10px; background: white; border-radius: 6px;\">\n<a href=\"https:\/\/churchmyway.org\/piano-sorrento-eve-meeting-giuspatronato-now\/\" style=\"color: #1976D2; text-decoration: none; font-weight: 500;\">\u2192 Piano di Sorrento, the eve of the meeting on the Giuspatronato: \u00abNow is the time!\u00bb.  The post of the &#8220;Black Procession&#8221;<\/a>\n<\/li>\n<\/ul>\n<\/div>\n<p><!-- End Related Articles --><\/p>\n","protected":false},"excerpt":{"rendered":"<p>Piano di Sorrento, en la Bas\u00edlica de San Michele encuentro con la historia &#8220;El Giuspatronato es nuestro derecho&#8221; Piano di Sorrento, en la Bas\u00edlica de San Michele encuentro con la<\/p>\n","protected":false},"author":1,"featured_media":4250,"comment_status":"closed","ping_status":"open","sticky":false,"template":"","format":"standard","meta":{"footnotes":""},"categories":[14],"tags":[1477,1534,285,814,1420,1286,866,1287],"class_list":["post-14922","post","type-post","status-publish","format-standard","has-post-thumbnail","hentry","category-church-news","tag-basilica","tag-giuspatronato","tag-history","tag-meeting","tag-michele","tag-piano","tag-san","tag-sorrento","generate-columns","tablet-grid-50","mobile-grid-100","grid-parent","grid-50","no-featured-image-padding"],"_links":{"self":[{"href":"https:\/\/churchmyway.org\/es\/wp-json\/wp\/v2\/posts\/14922","targetHints":{"allow":["GET"]}}],"collection":[{"href":"https:\/\/churchmyway.org\/es\/wp-json\/wp\/v2\/posts"}],"about":[{"href":"https:\/\/churchmyway.org\/es\/wp-json\/wp\/v2\/types\/post"}],"author":[{"embeddable":true,"href":"https:\/\/churchmyway.org\/es\/wp-json\/wp\/v2\/users\/1"}],"replies":[{"embeddable":true,"href":"https:\/\/churchmyway.org\/es\/wp-json\/wp\/v2\/comments?post=14922"}],"version-history":[{"count":2,"href":"https:\/\/churchmyway.org\/es\/wp-json\/wp\/v2\/posts\/14922\/revisions"}],"predecessor-version":[{"id":14929,"href":"https:\/\/churchmyway.org\/es\/wp-json\/wp\/v2\/posts\/14922\/revisions\/14929"}],"wp:featuredmedia":[{"embeddable":true,"href":"https:\/\/churchmyway.org\/es\/wp-json\/wp\/v2\/media\/4250"}],"wp:attachment":[{"href":"https:\/\/churchmyway.org\/es\/wp-json\/wp\/v2\/media?parent=14922"}],"wp:term":[{"taxonomy":"category","embeddable":true,"href":"https:\/\/churchmyway.org\/es\/wp-json\/wp\/v2\/categories?post=14922"},{"taxonomy":"post_tag","embeddable":true,"href":"https:\/\/churchmyway.org\/es\/wp-json\/wp\/v2\/tags?post=14922"}],"curies":[{"name":"wp","href":"https:\/\/api.w.org\/{rel}","templated":true}]}}