{"id":15035,"date":"2025-07-18T15:02:24","date_gmt":"2025-07-18T19:02:24","guid":{"rendered":"https:\/\/churchmyway.org\/lideres-religiosos-y-defensores-de-los-trabajadores-promueven-conferencia-de-la-casa-blanca-sobre-la-pobreza\/"},"modified":"2025-12-21T16:14:40","modified_gmt":"2025-12-21T16:14:40","slug":"lideres-religiosos-defensores-trabajadores-promueven","status":"publish","type":"post","link":"https:\/\/churchmyway.org\/es\/lideres-religiosos-defensores-trabajadores-promueven\/","title":{"rendered":"L\u00edderes religiosos y defensores de los trabajadores promueven conferencia de la Casa Blanca sobre la pobreza"},"content":{"rendered":"<p><\/p>\n<h2>L\u00edderes religiosos y defensores de los trabajadores promueven conferencia de la Casa Blanca sobre la pobreza<\/h2>\n<p><\/p>\n<div>\n<p>WASHINGTON (RNS) \u2014 La campa\u00f1a impulsada por la fe del grupo Poor People&#8217;s Project est\u00e1 promoviendo una conferencia de base amplia con el presidente Joe Biden para discutir la pobreza, diciendo que la Casa Blanca no ha respondido suficientemente a las solicitudes de una cumbre a pesar de que el presidente apoy\u00f3 al grupo mientras compet\u00eda por el cargo y habl\u00f3 en sus eventos.<\/p>\n<p>Hablando en la Iglesia Cristiana National City en el centro de Washington el lunes (6 de junio), el reverendo William Barber, predicador de los Disc\u00edpulos de Cristo y copresidente del grupo, pidi\u00f3 a Biden que se reuniera con el Poor People&#8217;s Project para discutir la pobreza y la dif\u00edcil situaci\u00f3n de los trabajadores con salarios bajos.<\/p>\n<p>\u201c\u00bfPor qu\u00e9 las personas pobres no obtienen la misma audiencia en la Oficina Oval que obtienen las corporaciones?\u201d, pregunt\u00f3 Barber, un destacado defensor contra la pobreza que predic\u00f3 en el servicio de oraci\u00f3n inaugural de Biden.<\/p>\n<p>La reverenda Liz Theoharis, predicadora presbiteriana y copresidenta del proyecto, hizo eco de Barber en sus propios comentarios. Ella promovi\u00f3 una reuni\u00f3n con el presidente antes de proclamar que \u201ccuando nos levantamos desde abajo, todos pueden levantarse.\u201d<\/p>\n<p>A ambos les sigui\u00f3 la reverenda Melanie Mullen, cl\u00e9riga y funcionaria de relaciones gubernamentales que entreg\u00f3 un mensaje en nombre del Obispo Presidente de la Iglesia Episcopal, el reverendo Michael Curry, y el rabino Jonah Pesner, vicepresidente s\u00e9nior de la Uni\u00f3n para el <a href=\"https:\/\/churchmyway.org\/the-origins-of-christianity-and-history\/\" title=\"The Origins of Christianity: A Brief History of Christianity and its Relation to Judaism\">Juda\u00edsmo<\/a> Reformista.<\/p>\n<p>\u201cNos unimos al llamado al presidente Biden y a su administraci\u00f3n con una demanda: reunirse con aquellos cuyas voces necesitan ser escuchadas,\u201d dijo Pesner, hablando por Zoom.<\/p>\n<hr>\n<p><strong>RELACIONADO: <\/strong> Despu\u00e9s de meses de protestas, el Poor People&#8217;s Project exige una reuni\u00f3n con Biden<\/p>\n<hr>\n<p>Representantes de la Casa Blanca no respondieron de inmediato a una solicitud de comentarios.<\/p>\n<p>El evento del lunes marca la tercera vez que el Poor People&#8217;s Project, que aboga por pol\u00edticas econ\u00f3micas de tendencia liberal, ha solicitado p\u00fablicamente una cumbre sobre la pobreza en la Casa Blanca. El grupo tiene la intenci\u00f3n de publicar una carta p\u00fablica que detalle su esperanza de un evento con el presidente que incluya a l\u00edderes religiosos, personas pobres, grupos laborales y economistas.<\/p>\n<div id=\"attachment_3940801\" class=\"wp-caption aligncenter\" style=\"width: 800px\">\n<p class=\"wp-caption-text edd-enabled\"><span class=\"caption\">El reverendo William Barber se dirige a los defensores del Poor People&#8217;s Project frente a la Corte Suprema el 15 de noviembre de 2021, en Washington. Imagen de RNS por Jack Jenkins<\/span><span class=\"credit\"><\/span><\/p>\n<\/div>\n<\/div>\n<p>\u201cLa delegaci\u00f3n del (Proyecto de los Pobres) a la Casa Blanca estar\u00eda compuesta por trabajadores cl\u00ednicos negros de bajos salarios, agricultores blancos, trabajadores latinos de plantas c\u00e1rnicas, trabajadores ind\u00edgenas de comida r\u00e1pida desde Misisipi hasta Massachusetts, Carolina del Norte, Nueva York, Kansas, Kentucky, Texas, California, Illinois y Georgia\u201d, se le\u00eda en una declaraci\u00f3n del grupo.<\/p>\n<p>Barber inform\u00f3 a Faith News Service a principios de este a\u00f1o que, si bien los representantes del Proyecto de los Pobres han solicitado continuamente la conferencia \u2014e incluso promovieron la solicitud mediante una carta abierta en septiembre\u2014, a\u00fan no se ha materializado. El sacerdote de Carolina del Norte presion\u00f3 personalmente al presidente sobre la propuesta en marzo, mientras asist\u00eda a la firma de un proyecto de ley en la Casa Blanca. Las autoridades, dijo Barber, le informaron que iban a \u201ctrabajar en\u201d la conferencia.<\/p>\n<p>\u201cVoy a creer, porque soy una persona de fe, lo que se dijo en la Casa Blanca\u2026 hace unas semanas\u201d, dijo Barber el lunes, a\u00f1adiendo que no quiere convertir la solicitud en una \u201cbatalla personal\u201d con el presidente.<\/p>\n<p>Sin embargo, la frustraci\u00f3n con Biden sobre el tema fue evidente durante el evento, y Barber confes\u00f3 estar \u201cpreocupado\u201d por la falta de acci\u00f3n.<\/p>\n<p>La rueda de prensa destac\u00f3 el contraste entre el reciente silencio de la Casa Blanca con respecto a la conferencia y el acercamiento repetido de Biden al grupo durante su \u00faltima campa\u00f1a presidencial.<\/p>\n<div id=\"attachment_3767446\" class=\"wp-caption aligncenter\" style=\"width: 800px\"><img decoding=\"async\" loading=\"lazy\" class=\"wp-image-3767446\" src=\"https:\/\/churchmyway.org\/wp-content\/uploads\/2022\/06\/1654550276_705_Faith-leaders-labor-advocates-push-for-White-House-meeting-on.jpg\" alt=\"El candidato presidencial Joe Biden, a la derecha, se dirige a una reuni\u00f3n de la Campa\u00f1a de los Pobres en la Universidad Trinity Washington en Washington, D.C., el 17 de junio de 2019. Foto de RNS por Jack Jenkins\" width=\"800\" height=\"450\" title=\"\"> <\/p>\n<p class=\"wp-caption-text edd-enabled\"><span class=\"caption\">El candidato presidencial Joe Biden, a la derecha, se dirige a una conferencia de la Campa\u00f1a de los Pobres en la Universidad Trinity Washington en Washington, D.C., el 17 de junio de 2019. Foto de RNS por Jack Jenkins<\/span><span class=\"credit\"><\/span><\/p>\n<\/div>\n<p>La campa\u00f1a de Biden en 2020 fue significativa por su alcance algo hostil a una serie de ciudadanos espirituales, espec\u00edficamente cat\u00f3licos y protestantes negros. Sin embargo, Biden eligi\u00f3 a Barber particularmente para elogiarlo, haciendo referencia a \u00e9l a lo largo de sus discursos y hablando en numerosos eventos de la Campa\u00f1a de los Pobres antes y despu\u00e9s de ser elegido presidente.<\/p>\n<p>\u201cQuiero ser parte de su movimiento\u201d, proclam\u00f3 Biden durante un evento de la Campa\u00f1a de los Pobres en septiembre de 2020.<\/p>\n<hr>\n<p><strong>RELACIONADO: <\/strong> Biden habla de fe y pobreza en el evento de la Campa\u00f1a de los Pobres<\/p>\n<hr>\n<p>Barber, posteriormente, recomend\u00f3 a Biden a t\u00edtulo personal. Aunque Barber y otros asociados con el Proyecto de los Pobres en ocasiones criticaron a Biden durante su mandato como presidente, el equipo tambi\u00e9n ha presentado continuamente objeciones significativas contra legisladores \u2014incluidos dem\u00f3cratas como los senadores Joe Manchin y Kirsten Sinema\u2014 que suspendieron los esfuerzos para aprobar proyectos de ley sobre derechos de voto y programas sociales cruciales para el programa legislativo propuesto por Biden.<\/p>\n<p>Dirigi\u00e9ndose a los periodistas el lunes, Barber hizo referencia al serm\u00f3n que pronunci\u00f3 en el servicio de oraci\u00f3n inaugural de Biden.<\/p>\n<p>\u201cDefinitivamente, si somos lo suficientemente buenos para dar el serm\u00f3n inaugural, somos lo suficientemente buenos para llevar un equipo de personas afectadas a la Casa Blanca con expertos financieros y l\u00edderes espirituales\u201d, dijo Barber.<\/p>\n<div id=\"attachment_3909270\" class=\"wp-caption aligncenter\" style=\"width: 800px\"><img decoding=\"async\" loading=\"lazy\" class=\"wp-image-3909270\" src=\"https:\/\/churchmyway.org\/wp-content\/uploads\/2022\/06\/1654550276_723_Faith-leaders-labor-advocates-push-for-White-House-meeting-on.jpg\" alt=\"El presidente Joe Biden, a la izquierda, y el reverendo William Barber II. (Izquierda, Foto AP\/Carolyn Kaster. Derecha, Foto RNS\/Jack Jenkins)\" width=\"800\" height=\"451\" title=\"\"> <\/p>\n<p class=\"wp-caption-text edd-enabled\"><span class=\"caption\">El presidente Joe Biden, izquierda, y el reverendo William Barber II. (Izquierda, foto AP\/Carolyn Kaster. Derecha, foto RNS\/Jack Jenkins)<\/span><span class=\"credit\"><\/span><\/p>\n<\/div>\n<p>Las renovadas peticiones para una reuni\u00f3n en la Casa Blanca coinciden con la preparaci\u00f3n de un importante evento del Proyecto de los Pobres programado para el 18 de junio en Washington, cuando el equipo planea reunir a montones de defensores para una \u201cAsamblea y Marcha de Predicaci\u00f3n Masiva de Personas Pobres y Trabajadores de Bajos Salarios\u201d.<\/p>\n<p>Los coordinadores del proyecto declararon que han compartido inter\u00e9s en organizar una cumbre sobre la pobreza con miembros del Congreso tambi\u00e9n y tienen una audiencia programada con legisladores la misma semana de la marcha.<\/p>\n<p>Barber declar\u00f3 que todav\u00eda conf\u00eda en que la Casa Blanca responder\u00e1 a sus demandas antes de la marcha, pero advirti\u00f3 que si no lo hacen, \u201cdar\u00e9 mi respuesta completa el 18 de junio.\u201d<\/p>\n<p>El evento del lunes tambi\u00e9n incluy\u00f3 breves discursos de l\u00edderes laborales \u2014incluidos los l\u00edderes del Sindicato Internacional de Empleados de Servicios y la Federaci\u00f3n Americana de Empleados Estatales, del Condado y Municipales\u2014, adem\u00e1s de coordinadores que representan a trabajadores de bajos salarios en todo el pa\u00eds. Entre ellos: un empleado de Dollar General, un barista que trabaja para sindicalizar un Starbucks y la empleada de comida r\u00e1pida Beth Schaffer.<\/p>\n<p>\u201cNecesitamos que nuestro gobierno aumente el salario base a un m\u00ednimo de $15 (por hora). Necesitamos que nuestro gobierno cambie las leyes y facilite que los empleados formen sindicatos,\u201d declar\u00f3 Schaffer, quien trabaja a tiempo completo en Kentucky Fried Chicken adem\u00e1s de un trabajo como asistente de gasolinera.<\/p>\n<p>\u201cLe pedimos al presidente Biden que se re\u00fana con los trabajadores de bajos salarios y escuche nuestras soluciones,\u201d dijo ella.<\/p>\n<p><!-- Last Updated Notice --><\/p>\n<p style=\"margin-top: 30px; padding: 12px 16px; background: #f0f7ff; border-left: 3px solid #2196F3; border-radius: 4px; font-size: 14px; color: #555;\">\n<em>\ud83d\udcc5 Last updated: 17.12.2025<\/em>\n<\/p>\n<p><!-- FAQ Section --><\/p>\n<div class=\"faq-section\" style=\"margin-top: 40px; padding: 25px; background: linear-gradient(135deg, #f5f7fa 0%, #e4e8ec 100%); border-radius: 12px; border-left: 4px solid #2196F3;\">\n<h2 style=\"color: #1976D2; margin-bottom: 20px; font-size: 24px;\">\u2753 Frequently Asked Questions<\/h2>\n<div class=\"faq-item\" style=\"margin-bottom: 20px; padding: 18px; background: white; border-radius: 8px; box-shadow: 0 2px 8px rgba(0,0,0,0.08);\">\n<h3 style=\"color: #333; margin-bottom: 12px; font-size: 18px; font-weight: 600;\">\ud83d\udcac \u00bfQu\u00e9 es el Poor People&#8217;s Project?<\/h3>\n<p style=\"color: #555; line-height: 1.7; margin: 0; font-size: 16px;\">El Poor People&#8217;s Project (Proyecto de los Pobres) es una campa\u00f1a impulsada por la fe que aboga por las personas en situaci\u00f3n de pobreza y los trabajadores con bajos salarios. Est\u00e1 copresidida por los reverendos William Barber y Liz Theoharis, y busca una conferencia en la Casa Blanca para abordar estos temas.<\/p>\n<\/div>\n<div class=\"faq-item\" style=\"margin-bottom: 20px; padding: 18px; background: white; border-radius: 8px; box-shadow: 0 2px 8px rgba(0,0,0,0.08);\">\n<h3 style=\"color: #333; margin-bottom: 12px; font-size: 18px; font-weight: 600;\">\ud83d\udcac \u00bfQu\u00e9 piden los l\u00edderes religiosos al presidente Biden?<\/h3>\n<p style=\"color: #555; line-height: 1.7; margin: 0; font-size: 16px;\">Los l\u00edderes del Poor People&#8217;s Project piden al presidente Joe Biden que convoque una conferencia amplia en la Casa Blanca para discutir la pobreza y la dif\u00edcil situaci\u00f3n de los trabajadores con bajos salarios. Argumentan que las personas pobres no tienen el mismo acceso a la Oficina Oval que las corporaciones.<\/p>\n<\/div>\n<div class=\"faq-item\" style=\"margin-bottom: 20px; padding: 18px; background: white; border-radius: 8px; box-shadow: 0 2px 8px rgba(0,0,0,0.08);\">\n<h3 style=\"color: #333; margin-bottom: 12px; font-size: 18px; font-weight: 600;\">\ud83d\udcac \u00bfQui\u00e9n es el reverendo William Barber?<\/h3>\n<p style=\"color: #555; line-height: 1.7; margin: 0; font-size: 16px;\">El reverendo William Barber es un predicador de los Disc\u00edpulos de Cristo y un destacado defensor contra la pobreza. Es copresidente del Poor People&#8217;s Project y predic\u00f3 en el servicio de oraci\u00f3n inaugural del presidente Biden, y ahora insta al presidente a abordar la pobreza.<\/p>\n<\/div>\n<\/div>\n<p><!-- End FAQ Section --><\/p>\n<p><!-- FAQ Schema for SEO --><br \/>\n<script type=\"application\/ld+json\">\n{\n  \"@context\": \"https:\/\/schema.org\",\n  \"@type\": \"FAQPage\",\n  \"mainEntity\": [\n    {\n      \"@type\": \"Question\",\n      \"name\": \"\u00bfQu\u00e9 es el Poor People's Project?\",\n      \"acceptedAnswer\": {\n        \"@type\": \"Answer\",\n        \"text\": \"El Poor People's Project (Proyecto de los Pobres) es una campa\u00f1a impulsada por la fe que aboga por las personas en situaci\u00f3n de pobreza y los trabajadores con bajos salarios. Est\u00e1 copresidida por los reverendos William Barber y Liz Theoharis, y busca una conferencia en la Casa Blanca para abordar estos temas.\"\n      }\n    },\n    {\n      \"@type\": \"Question\",\n      \"name\": \"\u00bfQu\u00e9 piden los l\u00edderes religiosos al presidente Biden?\",\n      \"acceptedAnswer\": {\n        \"@type\": \"Answer\",\n        \"text\": \"Los l\u00edderes del Poor People's Project piden al presidente Joe Biden que convoque una conferencia amplia en la Casa Blanca para discutir la pobreza y la dif\u00edcil situaci\u00f3n de los trabajadores con bajos salarios. Argumentan que las personas pobres no tienen el mismo acceso a la Oficina Oval que las corporaciones.\"\n      }\n    },\n    {\n      \"@type\": \"Question\",\n      \"name\": \"\u00bfQui\u00e9n es el reverendo William Barber?\",\n      \"acceptedAnswer\": {\n        \"@type\": \"Answer\",\n        \"text\": \"El reverendo William Barber es un predicador de los Disc\u00edpulos de Cristo y un destacado defensor contra la pobreza. Es copresidente del Poor People's Project y predic\u00f3 en el servicio de oraci\u00f3n inaugural del presidente Biden, y ahora insta al presidente a abordar la pobreza.\"\n      }\n    }\n  ]\n}\n<\/script><\/p>\n","protected":false},"excerpt":{"rendered":"<p>L\u00edderes religiosos y defensores de los trabajadores promueven conferencia de la Casa Blanca sobre la pobreza WASHINGTON (RNS) \u2014 La campa\u00f1a impulsada por la fe del grupo Poor People&#8217;s Project<\/p>\n","protected":false},"author":1,"featured_media":3464,"comment_status":"closed","ping_status":"closed","sticky":false,"template":"","format":"standard","meta":{"footnotes":""},"categories":[649],"tags":[1060,1058,1062,1059,780,814,1063,1061,731],"class_list":["post-15035","post","type-post","status-publish","format-standard","has-post-thumbnail","hentry","category-religion-spirituality","tag-advocates","tag-faith","tag-house","tag-labor","tag-leaders","tag-meeting","tag-poverty","tag-push","tag-white","generate-columns","tablet-grid-50","mobile-grid-100","grid-parent","grid-50","no-featured-image-padding"],"_links":{"self":[{"href":"https:\/\/churchmyway.org\/es\/wp-json\/wp\/v2\/posts\/15035","targetHints":{"allow":["GET"]}}],"collection":[{"href":"https:\/\/churchmyway.org\/es\/wp-json\/wp\/v2\/posts"}],"about":[{"href":"https:\/\/churchmyway.org\/es\/wp-json\/wp\/v2\/types\/post"}],"author":[{"embeddable":true,"href":"https:\/\/churchmyway.org\/es\/wp-json\/wp\/v2\/users\/1"}],"replies":[{"embeddable":true,"href":"https:\/\/churchmyway.org\/es\/wp-json\/wp\/v2\/comments?post=15035"}],"version-history":[{"count":1,"href":"https:\/\/churchmyway.org\/es\/wp-json\/wp\/v2\/posts\/15035\/revisions"}],"predecessor-version":[{"id":15036,"href":"https:\/\/churchmyway.org\/es\/wp-json\/wp\/v2\/posts\/15035\/revisions\/15036"}],"wp:featuredmedia":[{"embeddable":true,"href":"https:\/\/churchmyway.org\/es\/wp-json\/wp\/v2\/media\/3464"}],"wp:attachment":[{"href":"https:\/\/churchmyway.org\/es\/wp-json\/wp\/v2\/media?parent=15035"}],"wp:term":[{"taxonomy":"category","embeddable":true,"href":"https:\/\/churchmyway.org\/es\/wp-json\/wp\/v2\/categories?post=15035"},{"taxonomy":"post_tag","embeddable":true,"href":"https:\/\/churchmyway.org\/es\/wp-json\/wp\/v2\/tags?post=15035"}],"curies":[{"name":"wp","href":"https:\/\/api.w.org\/{rel}","templated":true}]}}