{"id":15037,"date":"2025-07-18T16:09:46","date_gmt":"2025-07-18T20:09:46","guid":{"rendered":"https:\/\/churchmyway.org\/el-vaticano-se-entero-de-los-peligros-de-la-oferta-de-londres-afirma-el-inversor-que-la-gestiono\/"},"modified":"2025-12-21T16:14:17","modified_gmt":"2025-12-21T16:14:17","slug":"vaticano-entero-peligros-oferta-londres-afirma","status":"publish","type":"post","link":"https:\/\/churchmyway.org\/es\/vaticano-entero-peligros-oferta-londres-afirma\/","title":{"rendered":"El Vaticano se enter\u00f3 de los peligros de la oferta de Londres, afirma el inversor que la gestion\u00f3"},"content":{"rendered":"<p><\/p>\n<h2>El Vaticano se enter\u00f3 de los peligros de la oferta de Londres, afirma el inversor que la gestion\u00f3<\/h2>\n<p><\/p>\n<div>\n<p>CIUDAD DEL VATICANO (ENFERMERAS REGISTRADAS) \u2014 Raffaele Mincione, el inversor que gestion\u00f3 la fallida inversi\u00f3n del Vaticano de 2014 en un edificio de apartamentos en Londres, indic\u00f3 el lunes (6 de junio) en el exitoso juicio por corrupci\u00f3n de la Iglesia Cat\u00f3lica que cuando la Secretar\u00eda de Estado de la organizaci\u00f3n se puso en contacto con \u00e9l en 2017, sus autoridades sab\u00edan precisamente en lo que se estaban metiendo.<\/p>\n<p>\u201cLa palabra riesgo se define al menos 150 veces en nuestro fondo\u201d, inform\u00f3 Mincione al tribunal vaticano. \u201cEs como cuando vas a comprar cigarrillos y la frase \u2018Fumar Mata\u2019 est\u00e1 escrita en ellos.\u201d<\/p>\n<p>Mincione, acusado de estafa y malversaci\u00f3n, es una de las 10 personas juzgadas en relaci\u00f3n con la inversi\u00f3n de Londres, que en alg\u00fan momento le cost\u00f3 a la <a href=\"https:\/\/churchmyway.org\/ame-church-alleges-former-retirement-services-exec-embezzled-tens-of-millions\/\" title=\"AME Church affirms previous retired life solutions officer embezzled 10s of millions\">Iglesia m\u00e1s de 300 millones de<\/p>\n<p>El fondo que adquiri\u00f3 la propiedad inmobiliaria de Londres tambi\u00e9n compr\u00f3 una empresa farmac\u00e9utica que produce una p\u00edldora del d\u00eda despu\u00e9s para prevenir el embarazo, un producto que la Iglesia Cat\u00f3lica considera equivalente al aborto. <\/p>\n<p>Mincione afirm\u00f3 que Credit Suisse proporcion\u00f3 una descripci\u00f3n de la Secretar\u00eda de Estado que la presentaba como un inversor profesional, lo que implicaba que estaba bien equipada para comprender los efectos de las inversiones de riesgo. Afirm\u00f3 que crey\u00f3 la descripci\u00f3n porque \u201cel Vaticano es un estado soberano con estructuras y asociaciones que le permiten abordar cualquier tipo de escenario\u201d.<\/p>\n<div id=\"attachment_3972989\" class=\"wp-caption aligncenter\" style=\"width: 800px\">\n<p class=\"wp-caption-text edd-enabled\"><span class=\"caption\">El sol se pone detr\u00e1s de la Bas\u00edlica de San Pedro, en el Vaticano, el 5 de diciembre de 2019. El extenso juicio econ\u00f3mico del Vaticano puede que a\u00fan no haya generado ninguna sentencia ni ninguna nueva prueba irrefutable. Sin embargo, las recientes declaraciones de mayo de 2022 han proporcionado muchas ideas sobre c\u00f3mo funciona el Vaticano. (Foto AP\/Gregorio Borgia, Archivos)<\/span><span class=\"credit\"><\/span><\/p>\n<\/div>\n<p>Mincione pens\u00f3 que pod\u00eda invertir los fondos del Vaticano libremente, por lo tanto, y afirm\u00f3 que hacer lo contrario habr\u00eda causado una p\u00e9rdida considerable. En cuanto a la selecci\u00f3n de inversiones, afirm\u00f3: \u201cSoy un gestor de fondos. No tengo que rendir cuentas a la Secretar\u00eda de Estado. No tengo que explicar las inversiones\u201d.<\/p>\n<p>Aun as\u00ed, Mincione afirm\u00f3 que se comunic\u00f3 con la secretar\u00eda a trav\u00e9s de Monse\u00f1or Alberto Perlasca y otro funcionario, Fabrizio Tirabassi, sobre el rendimiento del fondo \u201cpor cortes\u00eda\u201d hacia un cliente importante. Tirabassi est\u00e1 acusado de extorsi\u00f3n y fraude, mientras que Perlasca se ha convertido en testigo de la fiscal\u00eda. \u00a0\u00a0\u00a0\u00a0<\/p>\n<hr>\n<p><strong>RELACIONADO: <\/strong>El juicio econ\u00f3mico del Vaticano destaca la intriga y las rivalidades en la corte papal<\/p>\n<hr>\n<p>Crasso y Mincione se reunieron en 2012 mientras programaban otra inversi\u00f3n del Vaticano en un pozo petrolero en Angola con una empresa perteneciente al inversor Antonio Insect, afirm\u00f3 Mincione. El acuerdo nunca se concret\u00f3 porque, a\u00f1adi\u00f3 Mincione, \u00e9l expres\u00f3 dudas de que Insect hubiera podido pagar el pr\u00e9stamo. Mincione aconsej\u00f3 a la Secretar\u00eda que invirtiera el dinero en la propiedad de Londres en su lugar.<\/p>\n<p>No hab\u00eda <a href=\"https:\/\/churchmyway.org\/vatican-trial-the-all-out-defense-of-cardinal-becciu-from-marogna-to-st-peters-mite-absolutely-innocent\/\" title=\"Juicio del Vaticano, la defensa total del cardenal Becciu. De Marogna al \u00f3bolo de San Pedro: \u201cAbsolutamente inocente\u201d\">absolutamente nada inusual en que el dinero del Vaticano<\/a> encontrara su camino hacia el mercado inmobiliario de lujo de Londres. \u201cUna gran parte del dinero de los Pactos de Letr\u00e1n se invirti\u00f3 en edificios de Londres\u201d, afirm\u00f3 Mincione, describiendo el acuerdo firmado en 1929 en el que el gobierno italiano concedi\u00f3 una cantidad considerable de dinero y ventajas econ\u00f3micas a la Santa Sede. Con sus divisiones econ\u00f3micas, el Vaticano \u201ces probablemente el mayor propietario de bienes ra\u00edces en Italia y en el mundo\u201d, afirm\u00f3 Mincione.<\/p>\n<p>La oferta de Londres estaba \u201cen la zona de confort del inversor\u201d, a\u00f1adi\u00f3.<\/p>\n<p>El juicio se reanudar\u00e1 el martes 7 de junio, cuando los fiscales del Vaticano continuar\u00e1n interrogando a Mincione.<\/p>\n<hr>\n<p><strong>RELACIONADO: <\/strong>Cuando una estrella se convierte en obispo: \u00bfReservar\u00e1 Barron la Palabra encendida para su nueva di\u00f3cesis?<\/p>\n<hr>\n<p><\/a><\/p>\n<\/div>\n<p><!-- Last Updated Notice --><\/p>\n<p style=\"margin-top: 30px; padding: 12px 16px; background: #f0f7ff; border-left: 3px solid #2196F3; border-radius: 4px; font-size: 14px; color: #555;\">\n<em>\ud83d\udcc5 Last updated: 15.12.2025<\/em>\n<\/p>\n<p><!-- Related Articles --><\/p>\n<div class=\"related-articles\" style=\"margin-top: 40px; padding: 25px; background: linear-gradient(135deg, #e8f5e9 0%, #c8e6c9 100%); border-radius: 12px; border-left: 4px solid #4CAF50;\">\n<h2 style=\"color: #2E7D32; margin-bottom: 20px; font-size: 24px;\">\ud83d\udcda Related Articles You Might Enjoy<\/h2>\n<ul style=\"list-style: none; padding: 0; margin: 0;\">\n<li style=\"margin-bottom: 12px; padding: 12px 15px; background: white; border-radius: 8px; box-shadow: 0 2px 4px rgba(0,0,0,0.05);\">\n<a href=\"https:\/\/churchmyway.org\/concilio-vaticano-primero-cambio-nuestra-vision\/\" style=\"color: #1976D2; text-decoration: none; font-weight: 500; font-size: 16px;\">\u279c \u00bfC\u00f3mo el Concilio Vaticano Primero Cambi\u00f3 Nuestra Visi\u00f3n de Dios Hoy?<\/a>\n<\/li>\n<li style=\"margin-bottom: 12px; padding: 12px 15px; background: white; border-radius: 8px; box-shadow: 0 2px 4px rgba(0,0,0,0.05);\">\n<a href=\"https:\/\/churchmyway.org\/origenes-cristianismo-breve-historia-cristianismo-relacion\/\" style=\"color: #1976D2; text-decoration: none; font-weight: 500; font-size: 16px;\">\u279c Los Or\u00edgenes del Cristianismo: Una Breve Historia del Cristianismo y su Relaci\u00f3n con el Juda\u00edsmo<\/a>\n<\/li>\n<li style=\"margin-bottom: 12px; padding: 12px 15px; background: white; border-radius: 8px; box-shadow: 0 2px 4px rgba(0,0,0,0.05);\">\n<a href=\"https:\/\/churchmyway.org\/pagan-impuestos-los-amish-va-oh-mo-il-ky-canada-ny-mn\/\" style=\"color: #1976D2; text-decoration: none; font-weight: 500; font-size: 16px;\">\u279c \u00bfPagan impuestos los Amish? (VA, OH, MO, IL, KY, CANAD\u00c1, NY, MN)<\/a>\n<\/li>\n<li style=\"margin-bottom: 12px; padding: 12px 15px; background: white; border-radius: 8px; box-shadow: 0 2px 4px rgba(0,0,0,0.05);\">\n<a href=\"https:\/\/churchmyway.org\/celebran-los-amish-la-navidad\/\" style=\"color: #1976D2; text-decoration: none; font-weight: 500; font-size: 16px;\">\u279c \u00bfCelebran los Amish la Navidad?<\/a>\n<\/li>\n<\/ul>\n<\/div>\n<p><!-- End Related Articles --><\/p>\n","protected":false},"excerpt":{"rendered":"<p>El Vaticano se enter\u00f3 de los peligros de la oferta de Londres, afirma el inversor que la gestion\u00f3 CIUDAD DEL VATICANO (ENFERMERAS REGISTRADAS) \u2014 Raffaele Mincione, el inversor que gestion\u00f3<\/p>\n","protected":false},"author":1,"featured_media":3460,"comment_status":"closed","ping_status":"closed","sticky":false,"template":"","format":"standard","meta":{"footnotes":""},"categories":[649],"tags":[1057,1055,1056,1053,863,1054,862],"class_list":["post-15037","post","type-post","status-publish","format-standard","has-post-thumbnail","hentry","category-religion-spirituality","tag-brokered","tag-deal","tag-financier","tag-knew","tag-london","tag-risks","tag-vatican","generate-columns","tablet-grid-50","mobile-grid-100","grid-parent","grid-50","no-featured-image-padding"],"_links":{"self":[{"href":"https:\/\/churchmyway.org\/es\/wp-json\/wp\/v2\/posts\/15037","targetHints":{"allow":["GET"]}}],"collection":[{"href":"https:\/\/churchmyway.org\/es\/wp-json\/wp\/v2\/posts"}],"about":[{"href":"https:\/\/churchmyway.org\/es\/wp-json\/wp\/v2\/types\/post"}],"author":[{"embeddable":true,"href":"https:\/\/churchmyway.org\/es\/wp-json\/wp\/v2\/users\/1"}],"replies":[{"embeddable":true,"href":"https:\/\/churchmyway.org\/es\/wp-json\/wp\/v2\/comments?post=15037"}],"version-history":[{"count":0,"href":"https:\/\/churchmyway.org\/es\/wp-json\/wp\/v2\/posts\/15037\/revisions"}],"wp:featuredmedia":[{"embeddable":true,"href":"https:\/\/churchmyway.org\/es\/wp-json\/wp\/v2\/media\/3460"}],"wp:attachment":[{"href":"https:\/\/churchmyway.org\/es\/wp-json\/wp\/v2\/media?parent=15037"}],"wp:term":[{"taxonomy":"category","embeddable":true,"href":"https:\/\/churchmyway.org\/es\/wp-json\/wp\/v2\/categories?post=15037"},{"taxonomy":"post_tag","embeddable":true,"href":"https:\/\/churchmyway.org\/es\/wp-json\/wp\/v2\/tags?post=15037"}],"curies":[{"name":"wp","href":"https:\/\/api.w.org\/{rel}","templated":true}]}}