{"id":15042,"date":"2025-07-18T20:02:34","date_gmt":"2025-07-19T00:02:34","guid":{"rendered":"https:\/\/churchmyway.org\/institucion-financiera-del-vaticano-presenta-disminucion-economica-ganancias-eticas-tras-reformas-papales\/"},"modified":"2025-12-21T14:57:52","modified_gmt":"2025-12-21T14:57:52","slug":"institucion-financiera-vaticano-presenta-disminucion","status":"publish","type":"post","link":"https:\/\/churchmyway.org\/es\/institucion-financiera-vaticano-presenta-disminucion\/","title":{"rendered":"Instituci\u00f3n financiera del Vaticano presenta disminuci\u00f3n econ\u00f3mica, ganancias \u00e9ticas tras reformas papales"},"content":{"rendered":"<p>[Translation failed for this section]<\/p>\n<p>Los gastos de la organizaci\u00f3n aumentaron en 2021 como resultado de los gastos por el suministro de soluciones electr\u00f3nicas para los clientes y tambi\u00e9n por la contrataci\u00f3n de nuevos supervisores y trabajadores. Los activos totales disminuyeron ligeramente, ya que adquiri\u00f3 una pensi\u00f3n para sus trabajadores de conformidad con los requisitos legales y de auditor\u00eda.<\/p>\n<hr>\n<p><strong>RELACIONADO: <\/strong>El Papa crea y dota de personal a una junta para ayudar a futuras inversiones<\/p>\n<hr>\n<p>El Instituto para las Obras de Religi\u00f3n fue creado en 1942 como una forma de distribuir fondos de forma segura a misiones cat\u00f3licas y tambi\u00e9n a di\u00f3cesis durante la Segunda Guerra Mundial. Sin embargo, desde su inicio, el banco ha soportado una ola de esc\u00e1ndalos financieros tras otra, el m\u00e1s reciente provocando la renuncia repentina de su presidente, Ettore Gotti Tedeschi, tras los esc\u00e1ndalos de Vatileaks de 2012.<\/p>\n<p>Un juicio vaticano encontr\u00f3 a un expresidente del banco, Angelo Caloia, culpable de lavado de dinero, malversaci\u00f3n y apropiaci\u00f3n indebida de fondos en enero de 2021. En 2022, exempleados del IOR tambi\u00e9n fueron llevados a juicio y condenados por corrupci\u00f3n.<\/p>\n<p>Sin embargo, <a href=\"https:\/\/churchmyway.org\/von-der-leyen-in-the-vatican-with-the-pope-war\/\" title=\"Von der Leyen in the Vatican: with the Pope he talks about the war in Ukraine, the food crisis and the future of the EU\">Francisco hizo de la reforma de los fondos del Vaticano una de sus principales prioridades cuando se convirti\u00f3 en papa<\/a> en 2013, y despu\u00e9s de casi una d\u00e9cada de an\u00e1lisis, el banco parece listo para pasar una nueva p\u00e1gina. En el juicio actual, que involucra a 10 personas acusadas de delitos que van desde el lavado de dinero hasta el fraude, el IOR solo est\u00e1 involucrado tangencialmente, e incluso se\u00f1al\u00f3 la adquisici\u00f3n de un edificio de apartamentos en Londres \u2014la compra en el centro de los cargos\u2014 como cuestionable, iniciando una investigaci\u00f3n sobre la gesti\u00f3n econ\u00f3mica de la Secretar\u00eda de Estado.<\/p>\n<p>Monse\u00f1or Battista Mario Salvatore Ricca, el prelado del IOR, afirm\u00f3 en una declaraci\u00f3n publicada junto con el informe que hoy el banco \u201cgeneralmente hace lo que se espera que haga y absolutamente nada m\u00e1s\u201d.<\/p>\n<p>\u201cAs\u00ed que no se preocupen por lograr resultados asombrosos\u201d, escribi\u00f3 Ricca. \u201cHagan lo que puedan y dejen que la Divina Providencia haga el resto, de lo contrario, en la b\u00fasqueda del exceso, las palabras de Santiago \u2014\u2018\u00bfDesaparecer\u00e1 el rico en medio de sus b\u00fasquedas?\u2019\u2014 podr\u00edan hacerse realidad para nosotros como para todos los dem\u00e1s\u201d.<\/p>\n<hr>\n<p><strong>RELACIONADO: <\/strong>Cuando una estrella se convierte en obispo: \u00bfReservar\u00e1 Barron la Palabra en llamas para su nueva di\u00f3cesis?<\/p>\n<hr>\n<p><!-- Last Updated Notice --><\/p>\n<p style=\"margin-top: 30px; padding: 12px 16px; background: #f0f7ff; border-left: 3px solid #2196F3; border-radius: 4px; font-size: 14px; color: #555;\">\n<em>\ud83d\udcc5 Last updated: 16.12.2025<\/em>\n<\/p>\n<p><!-- FAQ Section --><\/p>\n<div class=\"faq-section\" style=\"margin-top: 40px; padding: 25px; background: linear-gradient(135deg, #f5f7fa 0%, #e4e8ec 100%); border-radius: 12px; border-left: 4px solid #2196F3;\">\n<h2 style=\"color: #1976D2; margin-bottom: 20px; font-size: 24px;\">\u2753 Frequently Asked Questions<\/h2>\n<div class=\"faq-item\" style=\"margin-bottom: 20px; padding: 18px; background: white; border-radius: 8px; box-shadow: 0 2px 8px rgba(0,0,0,0.08);\">\n<h3 style=\"color: #333; margin-bottom: 12px; font-size: 18px; font-weight: 600;\">\ud83d\udcac What is the Vatican&#8217;s Institute for Religious Works (IOR)?<\/h3>\n<p style=\"color: #555; line-height: 1.7; margin: 0; font-size: 16px;\">The IOR is a financial institution created in 1942 to safely distribute funds to Catholic missions and dioceses during World War II. Originally designed as a financial support mechanism, the bank has historically been plagued by numerous financial scandals and corruption cases.<\/p>\n<\/div>\n<div class=\"faq-item\" style=\"margin-bottom: 20px; padding: 18px; background: white; border-radius: 8px; box-shadow: 0 2px 8px rgba(0,0,0,0.08);\">\n<h3 style=\"color: #333; margin-bottom: 12px; font-size: 18px; font-weight: 600;\">\ud83d\udcac How has Pope Francis reformed the Vatican&#8217;s financial operations?<\/h3>\n<p style=\"color: #555; line-height: 1.7; margin: 0; font-size: 16px;\">Since becoming pope in 2013, Pope Francis has made reforming Vatican finances one of his primary priorities. His efforts have included addressing historical corruption, conducting extensive financial audits, and working to create more transparent and ethical financial practices within the Vatican&#8217;s financial institutions.<\/p>\n<\/div>\n<div class=\"faq-item\" style=\"margin-bottom: 20px; padding: 18px; background: white; border-radius: 8px; box-shadow: 0 2px 8px rgba(0,0,0,0.08);\">\n<h3 style=\"color: #333; margin-bottom: 12px; font-size: 18px; font-weight: 600;\">\ud83d\udcac What recent financial challenges has the Vatican&#8217;s financial institution faced?<\/h3>\n<p style=\"color: #555; line-height: 1.7; margin: 0; font-size: 16px;\">The Vatican&#8217;s financial organization has experienced increased expenses in recent years, including costs for electronic client solutions and new staff hiring. Additionally, the institution has faced multiple legal challenges, including trials involving former bank presidents and employees for offenses such as money laundering, embezzlement, and corruption.<\/p>\n<\/div>\n<\/div>\n<p><!-- End FAQ Section --><\/p>\n<p><!-- FAQ Schema for SEO --><br \/>\n<script type=\"application\/ld+json\">\n{\n  \"@context\": \"https:\/\/schema.org\",\n  \"@type\": \"FAQPage\",\n  \"mainEntity\": [\n    {\n      \"@type\": \"Question\",\n      \"name\": \"What is the Vatican's Institute for Religious Works (IOR)?\",\n      \"acceptedAnswer\": {\n        \"@type\": \"Answer\",\n        \"text\": \"The IOR is a financial institution created in 1942 to safely distribute funds to Catholic missions and dioceses during World War II. Originally designed as a financial support mechanism, the bank has historically been plagued by numerous financial scandals and corruption cases.\"\n      }\n    },\n    {\n      \"@type\": \"Question\",\n      \"name\": \"How has Pope Francis reformed the Vatican's financial operations?\",\n      \"acceptedAnswer\": {\n        \"@type\": \"Answer\",\n        \"text\": \"Since becoming pope in 2013, Pope Francis has made reforming Vatican finances one of his primary priorities. His efforts have included addressing historical corruption, conducting extensive financial audits, and working to create more transparent and ethical financial practices within the Vatican's financial institutions.\"\n      }\n    },\n    {\n      \"@type\": \"Question\",\n      \"name\": \"What recent financial challenges has the Vatican's financial institution faced?\",\n      \"acceptedAnswer\": {\n        \"@type\": \"Answer\",\n        \"text\": \"The Vatican's financial organization has experienced increased expenses in recent years, including costs for electronic client solutions and new staff hiring. Additionally, the institution has faced multiple legal challenges, including trials involving former bank presidents and employees for offenses such as money laundering, embezzlement, and corruption.\"\n      }\n    }\n  ]\n}\n<\/script><\/p>\n<p><!-- Related Articles --><\/p>\n<div class=\"related-articles\" style=\"margin-top: 40px; padding: 25px; background: linear-gradient(135deg, #e8f5e9 0%, #c8e6c9 100%); border-radius: 12px; border-left: 4px solid #4CAF50;\">\n<h2 style=\"color: #2E7D32; margin-bottom: 20px; font-size: 24px;\">\ud83d\udcda Related Articles You Might Enjoy<\/h2>\n<ul style=\"list-style: none; padding: 0; margin: 0;\">\n<li style=\"margin-bottom: 12px; padding: 12px 15px; background: white; border-radius: 8px; box-shadow: 0 2px 4px rgba(0,0,0,0.05);\">\n<a href=\"https:\/\/churchmyway.org\/la-historia-del-cristianismo-en-el-imperio-otomano\/\" style=\"color: #1976D2; text-decoration: none; font-weight: 500; font-size: 16px;\">\u279c La Historia del Cristianismo en el Imperio Otomano<\/a>\n<\/li>\n<li style=\"margin-bottom: 12px; padding: 12px 15px; background: white; border-radius: 8px; box-shadow: 0 2px 4px rgba(0,0,0,0.05);\">\n<a href=\"https:\/\/churchmyway.org\/historia-concilio-vaticano-sucedio-vaticano-afecto\/\" style=\"color: #1976D2; text-decoration: none; font-weight: 500; font-size: 16px;\">\u279c Una Historia del Concilio Vaticano II, Qu\u00e9 Sucedi\u00f3 en el Vaticano II y C\u00f3mo Afect\u00f3 las Pr\u00e1cticas de la Iglesia Hoy<\/a>\n<\/li>\n<li style=\"margin-bottom: 12px; padding: 12px 15px; background: white; border-radius: 8px; box-shadow: 0 2px 4px rgba(0,0,0,0.05);\">\n<a href=\"https:\/\/churchmyway.org\/origenes-cristianismo-breve-historia-cristianismo-relacion\/\" style=\"color: #1976D2; text-decoration: none; font-weight: 500; font-size: 16px;\">\u279c Los Or\u00edgenes del Cristianismo: Una Breve Historia del Cristianismo y su Relaci\u00f3n con el Juda\u00edsmo<\/a>\n<\/li>\n<li style=\"margin-bottom: 12px; padding: 12px 15px; background: white; border-radius: 8px; box-shadow: 0 2px 4px rgba(0,0,0,0.05);\">\n<a href=\"https:\/\/churchmyway.org\/vida-del-profeta-mahoma-el-fundador-del-islam\/\" style=\"color: #1976D2; text-decoration: none; font-weight: 500; font-size: 16px;\">\u279c Vida del Profeta Mahoma, el fundador del Islam<\/a>\n<\/li>\n<\/ul>\n<\/div>\n<p><!-- End Related Articles --><\/p>\n","protected":false},"excerpt":{"rendered":"<p>[Translation failed for this section] Los gastos de la organizaci\u00f3n aumentaron en 2021 como resultado de los gastos por el suministro de soluciones electr\u00f3nicas para los clientes y tambi\u00e9n por<\/p>\n","protected":false},"author":1,"featured_media":3530,"comment_status":"closed","ping_status":"closed","sticky":false,"template":"","format":"standard","meta":{"footnotes":""},"categories":[649],"tags":[1143,1145,1144,906,1147,1146,911,944,862],"class_list":["post-15042","post","type-post","status-publish","format-standard","has-post-thumbnail","hentry","category-religion-spirituality","tag-bank","tag-decline","tag-displays","tag-financial","tag-gains","tag-moral","tag-papal","tag-reforms","tag-vatican","generate-columns","tablet-grid-50","mobile-grid-100","grid-parent","grid-50","no-featured-image-padding"],"_links":{"self":[{"href":"https:\/\/churchmyway.org\/es\/wp-json\/wp\/v2\/posts\/15042","targetHints":{"allow":["GET"]}}],"collection":[{"href":"https:\/\/churchmyway.org\/es\/wp-json\/wp\/v2\/posts"}],"about":[{"href":"https:\/\/churchmyway.org\/es\/wp-json\/wp\/v2\/types\/post"}],"author":[{"embeddable":true,"href":"https:\/\/churchmyway.org\/es\/wp-json\/wp\/v2\/users\/1"}],"replies":[{"embeddable":true,"href":"https:\/\/churchmyway.org\/es\/wp-json\/wp\/v2\/comments?post=15042"}],"version-history":[{"count":0,"href":"https:\/\/churchmyway.org\/es\/wp-json\/wp\/v2\/posts\/15042\/revisions"}],"wp:featuredmedia":[{"embeddable":true,"href":"https:\/\/churchmyway.org\/es\/wp-json\/wp\/v2\/media\/3530"}],"wp:attachment":[{"href":"https:\/\/churchmyway.org\/es\/wp-json\/wp\/v2\/media?parent=15042"}],"wp:term":[{"taxonomy":"category","embeddable":true,"href":"https:\/\/churchmyway.org\/es\/wp-json\/wp\/v2\/categories?post=15042"},{"taxonomy":"post_tag","embeddable":true,"href":"https:\/\/churchmyway.org\/es\/wp-json\/wp\/v2\/tags?post=15042"}],"curies":[{"name":"wp","href":"https:\/\/api.w.org\/{rel}","templated":true}]}}