{"id":15153,"date":"2025-07-21T23:01:59","date_gmt":"2025-07-22T03:01:59","guid":{"rendered":"https:\/\/churchmyway.org\/una-historia-del-concilio-vaticano-ii-que-sucedio-en-el-vaticano-ii-y-como-afecto-las-practicas-de-la-iglesia-hoy\/"},"modified":"2025-12-21T16:07:51","modified_gmt":"2025-12-21T16:07:51","slug":"historia-concilio-vaticano-sucedio-vaticano-afecto","status":"publish","type":"post","link":"https:\/\/churchmyway.org\/es\/historia-concilio-vaticano-sucedio-vaticano-afecto\/","title":{"rendered":"Una Historia del Concilio Vaticano II, Qu\u00e9 Sucedi\u00f3 en el Vaticano II y C\u00f3mo Afect\u00f3 las Pr\u00e1cticas de la Iglesia Hoy"},"content":{"rendered":"<h2 dir=\"auto\" data-pm-slice=\"1 1 []\">Una Historia del Concilio Vaticano II, Qu\u00e9 Sucedi\u00f3 en el Vaticano II y C\u00f3mo Afect\u00f3 las Pr\u00e1cticas de la Iglesia Hoy<\/h2>\n<p dir=\"auto\">El Concilio Vaticano II, o simplemente Vaticano II, fue una reuni\u00f3n de obispos cat\u00f3licos que se celebr\u00f3 en Roma entre 1962 y 1965. El concilio fue convocado por el Papa Juan XXIII para abordar algunos de los muchos cambios que hab\u00edan ocurrido desde la fundaci\u00f3n de la Iglesia Cat\u00f3lica.<\/p>\n<p dir=\"auto\">El Vaticano II tuvo un impacto significativo en las pr\u00e1cticas lit\u00fargicas, la educaci\u00f3n religiosa, el ecumenismo y otras \u00e1reas de la vida de la Iglesia. Los Padres del Vaticano II incluyeron te\u00f3logos e historiadores de la Iglesia entre sus miembros. Estos hombres hab\u00edan estado involucrados en la reforma de la Iglesia durante el siglo XIX.<\/p>\n<p dir=\"auto\">El Concilio Vaticano II marc\u00f3 el comienzo de una era de cambio para los cat\u00f3licos que asist\u00edan a Misa los domingos en lugar de los d\u00edas festivos. Permiti\u00f3 que las mujeres fueran bautizadas sin el consentimiento de sus maridos y anim\u00f3 a los sacerdotes a escuchar confesiones tanto de mujeres como de hombres. Tambi\u00e9n reconoci\u00f3<\/p>\n<p><img loading=\"lazy\" decoding=\"async\" class=\"alignnone\" src=\"https:\/\/storage.googleapis.com\/rytr\/image\/drive\/1637498161314.jpg\" alt=\"Concilio Vaticano II\" width=\"578\" height=\"957\" title=\"\"><\/p>\n<h3 dir=\"auto\">Introducci\u00f3n: \u00bfQu\u00e9 es el Concilio Vaticano II?<\/h3>\n<p dir=\"auto\">El Concilio Vaticano II consisti\u00f3 en dos sesiones generales celebradas en 1962-1963. Roma estuvo sumida en tensi\u00f3n antes y despu\u00e9s de este per\u00edodo. Pero, \u00bfcu\u00e1l era el objetivo de reformar el catolicismo? \u00bfQu\u00e9 logr\u00f3? &#8220;La Iglesia Cat\u00f3lica siempre se ha basado en la ley. Por eso los Padres Conciliares hablaron tanto de su continuidad&#8221; (Nancy B. Kesselmann) Una Historia del Concilio Vaticano II, Qu\u00e9 Sucedi\u00f3 en el Vaticano II y C\u00f3mo Afect\u00f3 las Pr\u00e1cticas de la Iglesia Hoy<\/p>\n<p dir=\"auto\">En la d\u00e9cada de 1960, se implement\u00f3 un cambio radical en la forma de pensar sobre c\u00f3mo difundir la palabra de Dios en el Concilio Vaticano II. El concilio estableci\u00f3 que la Iglesia no deb\u00eda depender \u00fanicamente de la tradici\u00f3n, sino tambi\u00e9n considerar expresiones innovadoras de fe.<\/p>\n<h3 dir=\"auto\">\u00bfPor qu\u00e9 era necesaria una reforma?<\/h3>\n<p dir=\"auto\">Cuando la Iglesia Cat\u00f3lica buscaba la reforma, comenz\u00f3 con el padre de la iglesia, San Ignacio de Loyola. San Ignacio ayud\u00f3 a reformar la Iglesia Cat\u00f3lica no solo transform\u00e1ndola, sino tambi\u00e9n d\u00e1ndole un sentido de prop\u00f3sito a sus miembros.<\/p>\n<p dir=\"auto\">La Iglesia Cat\u00f3lica ha experimentado muchos cambios desde que las reformas de San Ignacio se hicieron bien conocidas en el mundo. La Iglesia ha cambiado su doctrina y pr\u00e1cticas probadas con el tiempo para adaptarse a lo que la sociedad moderna est\u00e1 ahora acostumbrada, abrazando el progreso y la democracia, as\u00ed como continuando su tradici\u00f3n <a href=\"https:\/\/churchmyway.org\/the-power-of-piety-the-strength-of-devotion\/\" title=\"El Poder de la Piedad: Aprovechando la Fuerza de la Devoci\u00f3n\" target=\"_blank\" rel=\"noopener\">de piedad<\/a> y espiritualidad.<\/p>\n<p><img loading=\"lazy\" decoding=\"async\" class=\"alignnone\" src=\"https:\/\/storage.googleapis.com\/rytr\/image\/drive\/1637498171796.jpg\" alt=\"Concilio Vaticano II\" width=\"960\" height=\"539\" title=\"\"><\/p>\n<h3 dir=\"auto\">\u00bfCu\u00e1les son algunos cambios importantes en las creencias cat\u00f3licas?<\/h3>\n<p dir=\"auto\">La Iglesia Cat\u00f3lica ha cambiado a lo largo de los a\u00f1os y hay algunos cambios importantes en la doctrina religiosa.<\/p>\n<p dir=\"auto\">Los siguientes son algunos de los cambios importantes en las creencias cat\u00f3licas:<\/p>\n<p dir=\"auto\">&#8211; La Iglesia Cat\u00f3lica ahora reconoce que las personas con orientaci\u00f3n homosexual pueden ser buenos cat\u00f3licos, siempre y cuando practiquen la castidad.<\/p>\n<p dir=\"auto\">&#8211; La iglesia ahora permite a los divorciados perdonar a sus c\u00f3nyuges por adulterio con una simple confesi\u00f3n y sin castigos.<\/p>\n<p dir=\"auto\">&#8211; La iglesia ahora permite el nuevo matrimonio despu\u00e9s de un divorcio si ambas partes est\u00e1n de acuerdo.<\/p>\n<h2 dir=\"auto\">Evoluci\u00f3n del Vaticano II: Qu\u00e9 sucedi\u00f3 realmente en el Vaticano II y el Concilio Vaticano Segundo<\/h2>\n<p><img loading=\"lazy\" decoding=\"async\" class=\"alignnone\" src=\"https:\/\/storage.googleapis.com\/rytr\/image\/drive\/1637498189308.jpg\" alt=\"Concilio Vaticano II\" width=\"960\" height=\"960\" title=\"\"><\/p>\n<p dir=\"auto\">El Vaticano II es el segundo concilio ecum\u00e9nico importante de la Iglesia Cat\u00f3lica. Se celebr\u00f3 de 1962 a 1965 y sus reformas introdujeron &#8220;muchos elementos nuevos en lo que antes hab\u00eda sido una instituci\u00f3n altamente centralizada con pocas estructuras democr\u00e1ticas genuinas&#8221;.<\/p>\n<p dir=\"auto\">El Vaticano II tuvo lugar a finales de la d\u00e9cada de 1960, per\u00edodo durante el cual hubo mucha discusi\u00f3n sobre c\u00f3mo deb\u00eda practicarse la religi\u00f3n en la sociedad moderna. Hubo muchos cambios en toda la Iglesia. Los cambios m\u00e1s importantes fueron que los sacerdotes pueden casarse y que las mujeres ahora pueden ser ordenadas como sacerdotes. Otros cambios incluyen que pr\u00e1cticas como la confesi\u00f3n solo ocurrir\u00edan con permiso y que las Misas podr\u00edan ser en idiomas locales en lugar de lat\u00edn.<\/p>\n<p dir=\"auto\">El Papa Juan XXIII convoc\u00f3 una conferencia mundial que reunir\u00eda a obispos de Europa, Asia, \u00c1frica y Am\u00e9rica. El Concilio Vaticano II (1962-1965) fue la culminaci\u00f3n de lo que se llama el &#8220;Segundo Gran Concilio&#8221;, que se celebr\u00f3 50 a\u00f1os antes, a principios de la d\u00e9cada de 1870.<\/p>\n<h3 dir=\"auto\">El Concilio Vaticano II y lo que logr\u00f3<\/h3>\n<p dir=\"auto\">El Concilio Vaticano II fue convocado por <a href=\"https:\/\/churchmyway.org\/how-the-catholic-church-is-slowly-dissolving-under-the-new-leadership-of-pope-francis\/\">el Papa<\/a> Juan XXIII en 1962. Fue el primer concilio en casi 200 a\u00f1os. El Concilio se llev\u00f3 a cabo para renovar la Iglesia Cat\u00f3lica y es ampliamente considerado como uno de los eventos m\u00e1s importantes en la historia de la Iglesia.<\/p>\n<p dir=\"auto\">En el Concilio Vaticano II, hubo un cambio de enfoque de la tradici\u00f3n al Evangelio de Jesucristo, lo que permiti\u00f3 una nueva visi\u00f3n sobre la cultura y la sociedad.<\/p>\n<p dir=\"auto\">El concilio condujo a cambios significativos en la vida de la Iglesia, incluyendo cambios en la liturgia y los sacramentos, el di\u00e1logo ecum\u00e9nico con otras iglesias cristianas, y una visi\u00f3n m\u00e1s progresista sobre cuestiones sociales como la paz y la pobreza.<\/p>\n<p dir=\"auto\">El Concilio Vaticano II <a title=\"The Unspoken History of the Council of Hippo: How and Why the Roman Empire Died\" href=\"https:\/\/churchmyway.org\/the-unspoken-history-of-the-council-of-hippo\/\">fue el evento m\u00e1s significativo en la historia moderna de la Iglesia Cat\u00f3lica Romana<\/a>.<\/p>\n<p><img loading=\"lazy\" decoding=\"async\" class=\"alignnone\" src=\"https:\/\/storage.googleapis.com\/rytr\/image\/drive\/1637498198508.jpg\" alt=\"Concilio Vaticano II\" width=\"622\" height=\"968\" title=\"\"><\/p>\n<h3 dir=\"auto\">Una Breve Historia del Concilio Vaticano II y la Iglesia Cat\u00f3lica<\/h3>\n<p dir=\"auto\">A principios del siglo XX, la Iglesia Cat\u00f3lica estaba experimentando muchos cambios. En 1917, el Papa Benedicto XV emiti\u00f3 un documento sobre la libertad religiosa. En 1920, emiti\u00f3 otro documento sobre los derechos de las personas.<\/p>\n<p dir=\"auto\">El 2 de noviembre de 1962, el Papa Juan XXIII convoc\u00f3 el Concilio Vaticano II y lo inaugur\u00f3 con oraci\u00f3n y esperanza en su \u00e9xito para \u201crenovar profunda y completamente todas las cosas: las estructuras y sistemas de la Iglesia\u201d.<\/p>\n<p dir=\"auto\">El Concilio Vaticano II tuvo un impacto duradero en el catolicismo al cambiar muchos de sus aspectos, como su doctrina y liturgia. El siglo XX trajo consigo muchos cambios para numerosos grupos religiosos, incluida la Iglesia Cat\u00f3lica. Junto con estos cambios, se produjo una mayor aceptaci\u00f3n y apertura en relaci\u00f3n con el ecumenismo (la libertad de todas las personas para unirse), la libertad de conciencia, la libertad de discriminaci\u00f3n o coerci\u00f3n, y la aceptaci\u00f3n de las mujeres en la sociedad.<\/p>\n<h3 dir=\"auto\">\u00bfQu\u00e9 sabemos sobre el Vaticano II &#8211; \u00bfQu\u00e9 no sabemos al respecto?<\/h3>\n<p dir=\"auto\">El Papa Juan XXIII convoc\u00f3 el Concilio Vaticano II. Fue una serie de reuniones que tuvieron lugar de 1962 a 1965. El concilio ten\u00eda como objetivo abordar muchos de los problemas que hab\u00edan surgido desde la \u00e9poca del Papa P\u00edo XII.<\/p>\n<p dir=\"auto\">No sabemos mucho sobre lo que realmente sucede detr\u00e1s de la historia papal porque el Vaticano no divulgar\u00e1 ning\u00fan registro\/archivo\/documento relacionado con los antecedentes del Papa Juan XXIII.<\/p>\n<p dir=\"auto\">Seg\u00fan la declaraci\u00f3n de Juan XXIII, el Vaticano II puede considerarse uno de los eventos m\u00e1s significativos de la historia porque cambi\u00f3 la iglesia para siempre.<\/p>\n<p><img loading=\"lazy\" decoding=\"async\" class=\"alignnone\" src=\"https:\/\/storage.googleapis.com\/rytr\/image\/drive\/1637498222362.jpg\" alt=\"Vaticano II\" width=\"960\" height=\"720\" title=\"\"><\/p>\n<h3 dir=\"auto\">Segunda sesi\u00f3n &#8211; \u00bfQu\u00e9 sucedi\u00f3?<\/h3>\n<p dir=\"auto\">En la segunda sesi\u00f3n del Concilio Vaticano II, se discutieron varios temas.<\/p>\n<p dir=\"auto\">Durante la segunda sesi\u00f3n del Concilio Vaticano II, se discutieron los siguientes temas:<\/p>\n<p dir=\"auto\">1. La importancia y necesidad de la paz en el mundo actual y c\u00f3mo sufre de muchos problemas.<\/p>\n<p dir=\"auto\">2. \u00bfC\u00f3mo lograr la paz sin violencia y conflictos?<\/p>\n<p dir=\"auto\">3. Las razones por las que amamos la guerra y c\u00f3mo podemos erradicar este amor por la guerra con acciones positivas como el internacionalismo, los valores intergeneracionales y universales como los derechos humanos.<\/p>\n<p dir=\"auto\">4. \u00bfC\u00f3mo evitar los conflictos globales actuales?<\/p>\n<p dir=\"auto\">5. \u00bfC\u00f3mo usar la tecnolog\u00eda para lograr la paz mundial?<\/p>\n<p dir=\"auto\">6. Divisi\u00f3n internacional en la humanidad; \u00bfqu\u00e9 nos hace diferentes en cuanto a nuestras diferencias con otras personas en nuestra sociedad? \u00bfQu\u00e9 se necesita para que nosotros<\/p>\n<p><img decoding=\"async\" alt=\"1637498243830 - Una Historia del Concilio Vaticano II, Qu\u00e9 Sucedi\u00f3\" src=\"https:\/\/storage.googleapis.com\/rytr\/image\/drive\/1637498243830.jpg\" title=\"\"><\/p>\n<h3 dir=\"auto\">Conclusi\u00f3n &#8211; Pidiendo un Nuevo Mundo<\/h3>\n<p dir=\"auto\">El Concilio Vaticano II es un hito clave en la historia de la Iglesia Cat\u00f3lica. Fue un <a title=\"Tragedia en Israel, multitudes en el evento religioso: 44 muertos y 150 heridos\" href=\"https:\/\/churchmyway.org\/tragedy-in-israel-crowds-at-the-religious\/\">evento importante que trajo cambios a la iglesia y un nuevo tipo de revoluci\u00f3n religiosa<\/a> en l\u00ednea con c\u00f3mo la gente piensa sobre la religi\u00f3n en la sociedad, llevando a un mundo completamente nuevo.<\/p>\n<p dir=\"auto\">El Consejo Mundial de la Paz fue fundado en 1949 por el Padre Thomas Merton, quien cre\u00eda que el cristianismo hab\u00eda sido reducido de ser una &#8220;religi\u00f3n de amor&#8221; a ser &#8220;una religi\u00f3n de poder&#8221;. El consejo tuvo lugar durante la guerra y lanz\u00f3 lo que llamaron &#8220;un nuevo mundo&#8221; para el cristianismo.<\/p>\n<p dir=\"auto\">En conclusi\u00f3n, el Consejo Mundial de la Paz se propuso reformar el cristianismo durante la guerra. El consejo necesitaba crear una forma alternativa para el cristianismo porque su forma actual no era lo suficientemente efectiva para traer la paz.<\/p>\n<p dir=\"auto\">&#8220;Pidiendo un Nuevo Mundo&#8221;<\/p>\n<p dir=\"auto\">Esta es una frase tomada de la letra de la canci\u00f3n &#8220;\u00bfQu\u00e9 est\u00e1 pasando?&#8221; de Marvin Gaye. Al no pedir nada a cambio, Marvin pide un nuevo mundo. \u00c9l pide un cambio porque el mundo actualmente no es lo que deber\u00eda ser.<\/p>\n<p dir=\"auto\">Aunque no podemos predecir c\u00f3mo ser\u00e1 el nuevo mundo, podemos echar un vistazo a algunas de las formas en que la tecnolog\u00eda est\u00e1 moldeando nuestras vidas y c\u00f3mo afecta nuestra vida diaria.<\/p>\n<p dir=\"auto\">\n<p><!-- Internal Links - Auto Generated --><\/p>\n<div class=\"related-posts\">\n<h3>Art\u00edculos Relacionados<\/h3>\n<ul>\n<li><a href=\"https:\/\/churchmyway.org\/como-el-concilio-vaticano-primero-cambio-nuestra-vision-de-dios-hoy\/\">\u00bfC\u00f3mo el Concilio Vaticano Primero Cambi\u00f3 Nuestra Visi\u00f3n de Dios Hoy?<\/a><\/li>\n<li><a href=\"https:\/\/churchmyway.org\/el-concilio-de-florencia-una-breve-historia-y-analisis\/\">El Concilio de Florencia: Una Breve Historia y An\u00e1lisis<\/a><\/li>\n<\/ul>\n<\/div>\n<p><!-- End Internal Links --><\/p>\n<p><!-- Last Updated Notice --><\/p>\n<p style=\"margin-top: 30px; padding: 12px 16px; background: #f0f7ff; border-left: 3px solid #2196F3; border-radius: 4px; font-size: 14px; color: #555;\">\n<em>\ud83d\udcc5 Last updated: 19.12.2025<\/em>\n<\/p>\n<p><!-- FAQ Section --><\/p>\n<div class=\"faq-section\" style=\"margin-top: 40px; padding: 25px; background: linear-gradient(135deg, #f5f7fa 0%, #e4e8ec 100%); border-radius: 12px; border-left: 4px solid #2196F3;\">\n<h2 style=\"color: #1976D2; margin-bottom: 20px; font-size: 24px;\">\u2753 Frequently Asked Questions<\/h2>\n<div class=\"faq-item\" style=\"margin-bottom: 20px; padding: 18px; background: white; border-radius: 8px; box-shadow: 0 2px 8px rgba(0,0,0,0.08);\">\n<h3 style=\"color: #333; margin-bottom: 12px; font-size: 18px; font-weight: 600;\">\ud83d\udcac \u00bfQu\u00e9 fue el Concilio Vaticano II?<\/h3>\n<p style=\"color: #555; line-height: 1.7; margin: 0; font-size: 16px;\">El Concilio Vaticano II fue una reuni\u00f3n de obispos cat\u00f3licos celebrada en Roma entre 1962 y 1965, convocada por el Papa Juan XXIII. Su prop\u00f3sito fue abordar los cambios en el mundo moderno y renovar la vida de la Iglesia Cat\u00f3lica.<\/p>\n<\/div>\n<div class=\"faq-item\" style=\"margin-bottom: 20px; padding: 18px; background: white; border-radius: 8px; box-shadow: 0 2px 8px rgba(0,0,0,0.08);\">\n<h3 style=\"color: #333; margin-bottom: 12px; font-size: 18px; font-weight: 600;\">\ud83d\udcac \u00bfQu\u00e9 cambios trajo el Concilio Vaticano II?<\/h3>\n<p style=\"color: #555; line-height: 1.7; margin: 0; font-size: 16px;\">El Concilio trajo cambios significativos en las pr\u00e1cticas lit\u00fargicas, como el uso de lenguas vern\u00e1culas en la Misa en lugar del lat\u00edn. Tambi\u00e9n promovi\u00f3 el ecumenismo y reformas pr\u00e1cticas, como permitir el bautismo de mujeres sin el consentimiento del marido.<\/p>\n<\/div>\n<div class=\"faq-item\" style=\"margin-bottom: 20px; padding: 18px; background: white; border-radius: 8px; box-shadow: 0 2px 8px rgba(0,0,0,0.08);\">\n<h3 style=\"color: #333; margin-bottom: 12px; font-size: 18px; font-weight: 600;\">\ud83d\udcac \u00bfQui\u00e9n convoc\u00f3 el Vaticano II y por qu\u00e9?<\/h3>\n<p style=\"color: #555; line-height: 1.7; margin: 0; font-size: 16px;\">El Concilio Vaticano II fue convocado por el Papa Juan XXIII. Su objetivo principal fue actualizar la Iglesia Cat\u00f3lica (aggiornamento) para responder a los cambios del mundo contempor\u00e1neo y fomentar una mayor participaci\u00f3n de los fieles.<\/p>\n<\/div>\n<div class=\"faq-item\" style=\"margin-bottom: 20px; padding: 18px; background: white; border-radius: 8px; box-shadow: 0 2px 8px rgba(0,0,0,0.08);\">\n<h3 style=\"color: #333; margin-bottom: 12px; font-size: 18px; font-weight: 600;\">\ud83d\udcac \u00bfC\u00f3mo afect\u00f3 el Vaticano II a la Misa?<\/h3>\n<p style=\"color: #555; line-height: 1.7; margin: 0; font-size: 16px;\">El Vaticano II cambi\u00f3 la liturgia para que la Misa se celebrara principalmente en la lengua local de los fieles, no solo en lat\u00edn. Esto hizo que la celebraci\u00f3n fuera m\u00e1s accesible y comprensible para los cat\u00f3licos de todo el mundo.<\/p>\n<\/div>\n<\/div>\n<p><!-- End FAQ Section --><\/p>\n<p><!-- FAQ Schema for SEO --><br \/>\n<script type=\"application\/ld+json\">\n{\n  \"@context\": \"https:\/\/schema.org\",\n  \"@type\": \"FAQPage\",\n  \"mainEntity\": [\n    {\n      \"@type\": \"Question\",\n      \"name\": \"\u00bfQu\u00e9 fue el Concilio Vaticano II?\",\n      \"acceptedAnswer\": {\n        \"@type\": \"Answer\",\n        \"text\": \"El Concilio Vaticano II fue una reuni\u00f3n de obispos cat\u00f3licos celebrada en Roma entre 1962 y 1965, convocada por el Papa Juan XXIII. Su prop\u00f3sito fue abordar los cambios en el mundo moderno y renovar la vida de la Iglesia Cat\u00f3lica.\"\n      }\n    },\n    {\n      \"@type\": \"Question\",\n      \"name\": \"\u00bfQu\u00e9 cambios trajo el Concilio Vaticano II?\",\n      \"acceptedAnswer\": {\n        \"@type\": \"Answer\",\n        \"text\": \"El Concilio trajo cambios significativos en las pr\u00e1cticas lit\u00fargicas, como el uso de lenguas vern\u00e1culas en la Misa en lugar del lat\u00edn. Tambi\u00e9n promovi\u00f3 el ecumenismo y reformas pr\u00e1cticas, como permitir el bautismo de mujeres sin el consentimiento del marido.\"\n      }\n    },\n    {\n      \"@type\": \"Question\",\n      \"name\": \"\u00bfQui\u00e9n convoc\u00f3 el Vaticano II y por qu\u00e9?\",\n      \"acceptedAnswer\": {\n        \"@type\": \"Answer\",\n        \"text\": \"El Concilio Vaticano II fue convocado por el Papa Juan XXIII. Su objetivo principal fue actualizar la Iglesia Cat\u00f3lica (aggiornamento) para responder a los cambios del mundo contempor\u00e1neo y fomentar una mayor participaci\u00f3n de los fieles.\"\n      }\n    },\n    {\n      \"@type\": \"Question\",\n      \"name\": \"\u00bfC\u00f3mo afect\u00f3 el Vaticano II a la Misa?\",\n      \"acceptedAnswer\": {\n        \"@type\": \"Answer\",\n        \"text\": \"El Vaticano II cambi\u00f3 la liturgia para que la Misa se celebrara principalmente en la lengua local de los fieles, no solo en lat\u00edn. Esto hizo que la celebraci\u00f3n fuera m\u00e1s accesible y comprensible para los cat\u00f3licos de todo el mundo.\"\n      }\n    }\n  ]\n}\n<\/script><br \/>\n<!-- Related Articles --><\/p>\n<div class=\"related-articles\" style=\"margin-top: 40px; padding: 25px; background: linear-gradient(135deg, #e8f5e9 0%, #c8e6c9 100%); border-radius: 12px; border-left: 4px solid #4CAF50;\">\n<h2 style=\"color: #2E7D32; margin-bottom: 20px; font-size: 24px;\">\ud83d\udcda Related Articles You Might Enjoy<\/h2>\n<ul style=\"list-style: none; padding: 0; margin: 0;\">\n<li style=\"margin-bottom: 12px; padding: 12px 15px; background: white; border-radius: 8px; box-shadow: 0 2px 4px rgba(0,0,0,0.05);\">\n<a href=\"https:\/\/churchmyway.org\/la-historia-del-cristianismo-en-el-imperio-otomano\/\" style=\"color: #1976D2; text-decoration: none; font-weight: 500; font-size: 16px;\">\u279c La Historia del Cristianismo en el Imperio Otomano<\/a>\n<\/li>\n<li style=\"margin-bottom: 12px; padding: 12px 15px; background: white; border-radius: 8px; box-shadow: 0 2px 4px rgba(0,0,0,0.05);\">\n<a href=\"https:\/\/churchmyway.org\/que-es-una-iglesia-pentecostal\/\" style=\"color: #1976D2; text-decoration: none; font-weight: 500; font-size: 16px;\">\u279c \u00bfQu\u00e9 es una Iglesia Pentecostal?<\/a>\n<\/li>\n<li style=\"margin-bottom: 12px; padding: 12px 15px; background: white; border-radius: 8px; box-shadow: 0 2px 4px rgba(0,0,0,0.05);\">\n<a href=\"https:\/\/churchmyway.org\/el-concilio-de-florencia-una-breve-historia-y-analisis\/\" style=\"color: #1976D2; text-decoration: none; font-weight: 500; font-size: 16px;\">\u279c El Concilio de Florencia: Una Breve Historia y An\u00e1lisis<\/a>\n<\/li>\n<li style=\"margin-bottom: 12px; padding: 12px 15px; background: white; border-radius: 8px; box-shadow: 0 2px 4px rgba(0,0,0,0.05);\">\n<a href=\"https:\/\/churchmyway.org\/origenes-cristianismo-breve-historia-cristianismo-relacion\/\" style=\"color: #1976D2; text-decoration: none; font-weight: 500; font-size: 16px;\">\u279c Los Or\u00edgenes del Cristianismo: Una Breve Historia del Cristianismo y su Relaci\u00f3n con el Juda\u00edsmo<\/a>\n<\/li>\n<\/ul>\n<\/div>\n<p><!-- End Related Articles --><\/p>\n","protected":false},"excerpt":{"rendered":"<p>Una Historia del Concilio Vaticano II, Qu\u00e9 Sucedi\u00f3 en el Vaticano II y C\u00f3mo Afect\u00f3 las Pr\u00e1cticas de la Iglesia Hoy El Concilio Vaticano II, o simplemente Vaticano II, fue<\/p>\n","protected":false},"author":1,"featured_media":2562,"comment_status":"open","ping_status":"closed","sticky":false,"template":"","format":"standard","meta":{"footnotes":""},"categories":[19],"tags":[143,516],"class_list":["post-15153","post","type-post","status-publish","format-standard","has-post-thumbnail","hentry","category-modern-christianity","tag-church-my-way","tag-second-vatican-council","generate-columns","tablet-grid-50","mobile-grid-100","grid-parent","grid-50","no-featured-image-padding"],"_links":{"self":[{"href":"https:\/\/churchmyway.org\/es\/wp-json\/wp\/v2\/posts\/15153","targetHints":{"allow":["GET"]}}],"collection":[{"href":"https:\/\/churchmyway.org\/es\/wp-json\/wp\/v2\/posts"}],"about":[{"href":"https:\/\/churchmyway.org\/es\/wp-json\/wp\/v2\/types\/post"}],"author":[{"embeddable":true,"href":"https:\/\/churchmyway.org\/es\/wp-json\/wp\/v2\/users\/1"}],"replies":[{"embeddable":true,"href":"https:\/\/churchmyway.org\/es\/wp-json\/wp\/v2\/comments?post=15153"}],"version-history":[{"count":1,"href":"https:\/\/churchmyway.org\/es\/wp-json\/wp\/v2\/posts\/15153\/revisions"}],"predecessor-version":[{"id":15154,"href":"https:\/\/churchmyway.org\/es\/wp-json\/wp\/v2\/posts\/15153\/revisions\/15154"}],"wp:featuredmedia":[{"embeddable":true,"href":"https:\/\/churchmyway.org\/es\/wp-json\/wp\/v2\/media\/2562"}],"wp:attachment":[{"href":"https:\/\/churchmyway.org\/es\/wp-json\/wp\/v2\/media?parent=15153"}],"wp:term":[{"taxonomy":"category","embeddable":true,"href":"https:\/\/churchmyway.org\/es\/wp-json\/wp\/v2\/categories?post=15153"},{"taxonomy":"post_tag","embeddable":true,"href":"https:\/\/churchmyway.org\/es\/wp-json\/wp\/v2\/tags?post=15153"}],"curies":[{"name":"wp","href":"https:\/\/api.w.org\/{rel}","templated":true}]}}